{"id":44624,"date":"2022-08-14T21:33:52","date_gmt":"2022-08-15T02:33:52","guid":{"rendered":"http:\/\/www.zonaroja.com.mx\/?p=44624"},"modified":"2022-08-14T21:35:10","modified_gmt":"2022-08-15T02:35:10","slug":"tres-crimenes-en-la-costa-y-un-muerto-en-oaxaca-capital-saldo-del-domingo","status":"publish","type":"post","link":"https:\/\/zonaroja.com.mx\/?p=44624","title":{"rendered":"Tres cr\u00edmenes en la Costa y un muerto en Oaxaca capital, saldo del domingo"},"content":{"rendered":"\n<p>Redacci\u00f3n\/Zona Roja.<\/p>\n\n\n\n<p>Oaxaca de Ju\u00e1rez, Oax., a 14 de agosto de 2022.- Al menos tres asesinatos se registraron en la zona de la Costa chica de Oaxaca, mientras que en la ciudad de Oaxaca una persona presuntamente en situaci\u00f3n de calle, perdi\u00f3 la vida en la v\u00eda p\u00fablica.<\/p>\n\n\n\n<p>La noche de este domingo, en la localidad de El Carrizo, perteneciente a Santiago Pinotepa Nacional, presuntamente un joven mat\u00f3 a balazos a su padre, mientras que \u00e9ste logr\u00f3 asestar un machetazo a su v\u00e1stago.<\/p>\n\n\n\n<p>Hasta el momento la v\u00edctima no ha sido identificada y tampoco se precisa si hubo detenci\u00f3n del probable parricida.<\/p>\n\n\n\n<p>En otro hecho tambi\u00e9n en Pinotepa Nacional, un joven fue ultimado a balazos en el interior de una tortiller\u00eda, ubicada en la calle Progreso del centro de Pinotepa Nacional.<\/p>\n\n\n\n<p>Mientras que en el municipio de Santa Maria Ticaltepec, tambi\u00e9n en la Costa chica, fue asesinado un individuo, por disparos de arma de fuego.<\/p>\n\n\n\n<p>Los hechos sucedieron aproximadamente a las 17:00 horas cerca de la iglesia local y el agresor logr\u00f3 huir.<\/p>\n\n\n\n<p>Mientras que esta noche, en la esquina de Mina con D\u00edaz Ordaz de la ciudad de Oaxaca, una persona del sexo masculino perdi\u00f3 la vida.<\/p>\n\n\n\n<p>Se presume que era un individuo en situaci\u00f3n de calle pero hasta el momento no se han dado m\u00e1s detalles del caso.&nbsp;<\/p>\n\n\n\n<p>Personal de la polic\u00eda municipal acord\u00f3 el \u00e1rea mientras que elementos de la Fiscal\u00eda General del Estado realizaron las indagatorias correspondientes.<\/p>\n","protected":false},"excerpt":{"rendered":"<p>Redacci\u00f3n\/Zona Roja. Oaxaca de Ju\u00e1rez, Oax., a 14 de agosto de 2022.- Al menos tres&hellip;<\/p>\n","protected":false},"author":2,"featured_media":44626,"comment_status":"closed","ping_status":"open","sticky":false,"template":"","format":"standard","meta":{"_lmt_disableupdate":"","_lmt_disable":"","_jetpack_memberships_contains_paid_content":false,"footnotes":""},"categories":[109,51],"tags":[916],"class_list":["post-44624","post","type-post","status-publish","format-standard","has-post-thumbnail","hentry","category-minuto-a-minuto","category-zona-roja","tag-pinotepa-nacional"],"jetpack_featured_media_url":"https:\/\/zonaroja.com.mx\/wp-content\/uploads\/2022\/08\/Muerto-calle-ciudad-de-Oaxaca.jpg","jetpack_sharing_enabled":true,"_links":{"self":[{"href":"https:\/\/zonaroja.com.mx\/index.php?rest_route=\/wp\/v2\/posts\/44624","targetHints":{"allow":["GET"]}}],"collection":[{"href":"https:\/\/zonaroja.com.mx\/index.php?rest_route=\/wp\/v2\/posts"}],"about":[{"href":"https:\/\/zonaroja.com.mx\/index.php?rest_route=\/wp\/v2\/types\/post"}],"author":[{"embeddable":true,"href":"https:\/\/zonaroja.com.mx\/index.php?rest_route=\/wp\/v2\/users\/2"}],"replies":[{"embeddable":true,"href":"https:\/\/zonaroja.com.mx\/index.php?rest_route=%2Fwp%2Fv2%2Fcomments&post=44624"}],"version-history":[{"count":1,"href":"https:\/\/zonaroja.com.mx\/index.php?rest_route=\/wp\/v2\/posts\/44624\/revisions"}],"predecessor-version":[{"id":44627,"href":"https:\/\/zonaroja.com.mx\/index.php?rest_route=\/wp\/v2\/posts\/44624\/revisions\/44627"}],"wp:featuredmedia":[{"embeddable":true,"href":"https:\/\/zonaroja.com.mx\/index.php?rest_route=\/wp\/v2\/media\/44626"}],"wp:attachment":[{"href":"https:\/\/zonaroja.com.mx\/index.php?rest_route=%2Fwp%2Fv2%2Fmedia&parent=44624"}],"wp:term":[{"taxonomy":"category","embeddable":true,"href":"https:\/\/zonaroja.com.mx\/index.php?rest_route=%2Fwp%2Fv2%2Fcategories&post=44624"},{"taxonomy":"post_tag","embeddable":true,"href":"https:\/\/zonaroja.com.mx\/index.php?rest_route=%2Fwp%2Fv2%2Ftags&post=44624"}],"curies":[{"name":"wp","href":"https:\/\/api.w.org\/{rel}","templated":true}]}}