{"id":44633,"date":"2022-08-15T06:27:08","date_gmt":"2022-08-15T11:27:08","guid":{"rendered":"http:\/\/www.zonaroja.com.mx\/?p=44633"},"modified":"2022-08-15T06:27:09","modified_gmt":"2022-08-15T11:27:09","slug":"segun-los-sso-bajan-23-76-los-casos-de-covid-en-oaxaca","status":"publish","type":"post","link":"https:\/\/zonaroja.com.mx\/?p=44633","title":{"rendered":"Seg\u00fan los SSO, bajan 23.76% los casos de Covid en Oaxaca"},"content":{"rendered":"\n<p>Redacci\u00f3n\/Zona Roja.<\/p>\n\n\n\n<p>Oaxaca de Ju\u00e1rez, Oax., a 15 de agosto de 2022.- La dependencia gubernamental Servicios de Salud de Oaxaca (SSO) dio a conocer que durante el per\u00edodo comprendido del 7 al 13 de agosto la entidad registr\u00f3 un acumulado 144 mil 546 casos confirmados del virus SARS-CoV-2.<\/p>\n\n\n\n<p>En un comunicado, detall\u00f3 que de dos mil 863 casos registrados hace siete d\u00edas, esta semana se contabilizan dos mil 182 pacientes positivos de Covid, lo que representa una disminuci\u00f3n del 23.76%.<\/p>\n\n\n\n<p>A\u00f1adi\u00f3 que el global de defunciones desde el inicio de la pandemia a la fecha es de seis mil 301. En tanto, en el per\u00edodo que se informa se notificaron 16 lamentables decesos a causa de esta patolog\u00eda respiratoria.<\/p>\n\n\n\n<p>Puntualiz\u00f3 que adem\u00e1s de vacunarse cuando corresponda, es necesario seguir aplicando con disciplina y responsabilidad las medidas sanitarias vigentes, como el uso correcto del cubrebocas, el lavado de manos frecuente con agua y jab\u00f3n o con soluciones alcoholadas al 70%, mantener la sana distancia, as\u00ed como priorizar lugares abiertos y con buena ventilaci\u00f3n.<\/p>\n\n\n\n<p>\u201cSi evitamos los contagios de Covid-19 podemos mantener actividades cotidianas que son necesarias para la sociedad, como ir a trabajar, estudiar y socializar\u201d, recalc\u00f3.<\/p>\n","protected":false},"excerpt":{"rendered":"<p>Redacci\u00f3n\/Zona Roja. Oaxaca de Ju\u00e1rez, Oax., a 15 de agosto de 2022.- La dependencia gubernamental&hellip;<\/p>\n","protected":false},"author":2,"featured_media":44630,"comment_status":"closed","ping_status":"open","sticky":false,"template":"","format":"standard","meta":{"_lmt_disableupdate":"","_lmt_disable":"","_jetpack_memberships_contains_paid_content":false,"footnotes":""},"categories":[109,47],"tags":[1512],"class_list":["post-44633","post","type-post","status-publish","format-standard","has-post-thumbnail","hentry","category-minuto-a-minuto","category-zona-gris","tag-coronavirus-oaxaca"],"jetpack_featured_media_url":"https:\/\/zonaroja.com.mx\/wp-content\/uploads\/2022\/08\/IMG_2102.jpg","jetpack_sharing_enabled":true,"_links":{"self":[{"href":"https:\/\/zonaroja.com.mx\/index.php?rest_route=\/wp\/v2\/posts\/44633","targetHints":{"allow":["GET"]}}],"collection":[{"href":"https:\/\/zonaroja.com.mx\/index.php?rest_route=\/wp\/v2\/posts"}],"about":[{"href":"https:\/\/zonaroja.com.mx\/index.php?rest_route=\/wp\/v2\/types\/post"}],"author":[{"embeddable":true,"href":"https:\/\/zonaroja.com.mx\/index.php?rest_route=\/wp\/v2\/users\/2"}],"replies":[{"embeddable":true,"href":"https:\/\/zonaroja.com.mx\/index.php?rest_route=%2Fwp%2Fv2%2Fcomments&post=44633"}],"version-history":[{"count":1,"href":"https:\/\/zonaroja.com.mx\/index.php?rest_route=\/wp\/v2\/posts\/44633\/revisions"}],"predecessor-version":[{"id":44634,"href":"https:\/\/zonaroja.com.mx\/index.php?rest_route=\/wp\/v2\/posts\/44633\/revisions\/44634"}],"wp:featuredmedia":[{"embeddable":true,"href":"https:\/\/zonaroja.com.mx\/index.php?rest_route=\/wp\/v2\/media\/44630"}],"wp:attachment":[{"href":"https:\/\/zonaroja.com.mx\/index.php?rest_route=%2Fwp%2Fv2%2Fmedia&parent=44633"}],"wp:term":[{"taxonomy":"category","embeddable":true,"href":"https:\/\/zonaroja.com.mx\/index.php?rest_route=%2Fwp%2Fv2%2Fcategories&post=44633"},{"taxonomy":"post_tag","embeddable":true,"href":"https:\/\/zonaroja.com.mx\/index.php?rest_route=%2Fwp%2Fv2%2Ftags&post=44633"}],"curies":[{"name":"wp","href":"https:\/\/api.w.org\/{rel}","templated":true}]}}