{"id":44635,"date":"2022-08-15T06:57:19","date_gmt":"2022-08-15T11:57:19","guid":{"rendered":"http:\/\/www.zonaroja.com.mx\/?p=44635"},"modified":"2022-08-15T07:15:04","modified_gmt":"2022-08-15T12:15:04","slug":"tres-secretarios-y-el-fracaso-de-la-politica-interna-en-oaxaca","status":"publish","type":"post","link":"https:\/\/zonaroja.com.mx\/?p=44635","title":{"rendered":"Tres secretarios y el fracaso de la pol\u00edtica interna en Oaxaca"},"content":{"rendered":"\n<p>Ismael Garc\u00eda M.\/Zona Roja.<\/p>\n\n\n\n<p>Oaxaca de Ju\u00e1rez, Oax., a 15 de agosto de 2022.- La Secretar\u00eda General de Gobierno ha tenido tres titulares en cinco a\u00f1os y medio, pero la pol\u00edtica interna del gobierno de Oaxaca sigue siendo un sonoro fracaso.<\/p>\n\n\n\n<p>No hay d\u00eda en que no ocurran marchas, bloqueos, protestas callejeras y \u201ctoma\u201d de edificios p\u00fablicos, sin que haya la atenci\u00f3n debida a las demandas sociales.<\/p>\n\n\n\n<p>Es cierto, al menos tres centenas de grupos medran y viven del gobierno, incluso los utilizan las autoridades a su conveniencia, para presionar hasta a sus propios compa\u00f1eros de gabinete.<\/p>\n\n\n\n<p>O para presionar y sacar dinero y otros apoyos, a cambio de recibir una parte de ello los funcionarios estatales; o para presionar a las autoridades federales, a fin de deslindarse las autoridades estatales.<\/p>\n\n\n\n<p>El caso es que por cualquier raz\u00f3n, o sin ella, no faltan cierres de carreteras -como los anunciados para esta semana-, sin que haya una estrategia de contenci\u00f3n y mucho menos\u00a0respuestas efectivas a las demandas.<\/p>\n\n\n\n<p>Y como suele suceder, el ciudadano, la poblaci\u00f3n en general, es la m\u00e1s afectada y nadie le da una explicaci\u00f3n y mucho menos una disculpa p\u00fablica cuando terminan las afectaciones.<\/p>\n\n\n\n<p>LOS ROSTROS<\/p>\n\n\n\n<p>El 1 de diciembre de 2016 inici\u00f3 con Alejandro Avil\u00e9s \u00c1lvarez en la Secretar\u00eda General de Gobierno; un pol\u00edtico que siempre se ha distinguido por sus filias hacia Ulises Ruiz Ortiz, lo cual ha tratado de ocultar para navegar con bandera muratista.<\/p>\n\n\n\n<p>La exhibici\u00f3n medi\u00e1tica de que utiliz\u00f3 un helic\u00f3ptero oficial para trasladar a su familia a un viaje a la Costa oaxaque\u00f1a le cost\u00f3 el puesto, en abril de 2017, sin que haya hecho algo relevante.<\/p>\n\n\n\n<p>Por lo \u00fanico que se le recuerda es su relaci\u00f3n, incluso visit\u00f3 la zona, a los integrantes de la violenta Codedi, organizaci\u00f3n a la que se acusa de haber golpeado a polic\u00edas y asesinado a un elemento de la Agencia Estatal de Investigaciones, adem\u00e1s de sembrar el terror en Santiago Xanica y Santa Mar\u00eda Huatulco.<\/p>\n\n\n\n<p>Lo supli\u00f3 H\u00e9ctor Anuar Mafud en el cargo, pol\u00edtico salinacrucense con vasta experiencia, incluyendo en \u00e1reas de justicia como el Tribunal Superior de Justicia, adem\u00e1s de legislativas.<\/p>\n\n\n\n<p>Sirvi\u00f3 lo mismo a Di\u00f3doro Carrasco Altamirano que Jos\u00e9 Murat en el \u00e1rea de la pol\u00edtica interna y quiz\u00e1 por ello fue designado; a sus allegados ha contado que no lleg\u00f3 al cargo por cuotas pol\u00edticas o pago de favores sino para contribuir con su experiencia.<\/p>\n\n\n\n<p>Capote\u00f3 m\u00faltiples vendavales, pero no pudo con la grilla interna en el gabinete y fue el propio Alejandro Avil\u00e9s quien le pon\u00eda toda clase de obst\u00e1culos, para que llegara un af\u00edn a su equipo.<\/p>\n\n\n\n<p>Y as\u00ed sucedi\u00f3 con Francisco Garc\u00eda L\u00f3pez, que asumi\u00f3 la secretar\u00eda en octubre de 2020, un pol\u00edtico gris originario de Juchit\u00e1n que no pone orden ni en su tierra ni en su regi\u00f3n.<\/p>\n\n\n\n<p>\u00bfY LA COORDINACI\u00d3N?<\/p>\n\n\n\n<p>En todo este embrollo sexenal, resalta la falta de operadores pol\u00edticos desde las regiones, pues la Coordinaci\u00f3n de Delegaciones de Gobierno desapareci\u00f3 para dar paso a una Coordinaci\u00f3n General de Atenci\u00f3n Regional, que en absoluto funciona.<\/p>\n\n\n\n<p>Desde su creaci\u00f3n, la mayor parte del tiempo estuvo en manos de Marco Antonio Hern\u00e1ndez Cuevas, otro pol\u00edtico gris beneficiado por el gobierno s\u00f3lo por ser del equipo de Alejandro Avil\u00e9s.<\/p>\n\n\n\n<p>Pero en absoluto ha hecho algo para atender las necesidades de las comunidades desde las regiones.&nbsp;<\/p>\n\n\n\n<p>Hern\u00e1ndez Cuevas bot\u00f3 el cargo para irse de coordinador de la campa\u00f1a de Avil\u00e9s, donde fracasaron.<\/p>\n\n\n\n<p>A finales de febrero pasado fue designado Antonio Amaro Cancino, ya no tan fiel a Avil\u00e9s, pero tampoco hizo absolutamente algo por esa dependencia; de manera extra\u00f1a fue retirado al cargo para poner a otro m\u00e1s gris: Armando Fuentes Villatoro.<\/p>\n\n\n\n<p>CRISIS SIN FRENO<\/p>\n\n\n\n<p>Ni esas dos instancias -se deber\u00eda agregar al Coplade, a cargo de Jorge Toledo Luis, otra pieza de Avil\u00e9s, pues compete hacer las presupuestaciones de apoyo a las comunidades- ni la bola de funcionarios ha servido para destrabar las movilizaciones.<\/p>\n\n\n\n<p>Apenas la semana pasada, el sitio informativo Megacanal Istmo public\u00f3 una nota informativa de Jamilet Carranza, que da cuenta que, seg\u00fan datos de la propia Secretar\u00eda General de Gobierno de Oaxaca, de enero de 2017 a junio de 2022, en el estado se han reportado seis mil 161 movilizaciones, que van desde marchas, bloqueos y plantones, es decir, tres manifestaciones diarias, en promedio.<\/p>\n\n\n\n<p>Los datos los dio el propio director de Gobierno, Eric L\u00f3pez Molina, otro bur\u00f3crata de d\u00e9cadas que s\u00f3lo est\u00e1 para calentar su silla\u2026 cuando acude a la oficina.<\/p>\n\n\n\n<p>Seg\u00fan sus datos publicados, en 2017, se registraron mil 144 movilizaciones; mientras que en 2018, fueron 915; en 2019, mil 504; en 2020, mil 84; en 2021, mil 31 y de enero a junio de este a\u00f1o, se reportan 485 eventos.<\/p>\n\n\n\n<p>\u00bfA D\u00d3NDE VAMOS<\/p>\n\n\n\n<p>Qu\u00e9 decir de las pomposas organizaciones sociales que ahora hasta las oficialistas se suman a las protestas, ya en el cierre del sexenio de Alejandro Murat Hinojosa.<\/p>\n\n\n\n<p>Grupos como la Afodepo, el Ubisort, Lubizha, entre otros, han servido para saquear arcas, a cambio de favores pol\u00edticos y ahora ser\u00e1n el ariete.<\/p>\n\n\n\n<p>A ello s\u00famele a los transportistas, sindicatos por ahora controlados por Jos\u00e9 Manuel Vera Salinas, que en breve retomar\u00e1n el control de calles, carreteras y obras, al terminarse el sexenio de los favoritismos.<\/p>\n\n\n\n<p>\u00bfQu\u00e9 sigue? Evidentemente que en las pr\u00f3ximas semanas veremos m\u00e1s movilizaciones, como la de organizaciones oficialistas, que medir\u00e1n fuerzas con el pr\u00f3ximo gobierno de Morena, para hacerle saber que si no hay apoyos no habr\u00e1 paz social.<\/p>\n\n\n\n<p>Pero la culpa no la tiene el indio, sino el que lo hace compadre, pues muchas de esas agrupaciones s\u00f3lo han servido a algunos funcionarios para en contubernio sacar obras para constructoras espec\u00edficas y m\u00e1s dinero.<\/p>\n\n\n\n<p>\u00bfQu\u00e9 har\u00e1 Salom\u00f3n Jara Cruz? Evidentemente que no har\u00e1 en absoluto nada en contra de las organizaciones sociales, pues proviene de ah\u00ed, desde la Uni\u00f3n Campesina Democr\u00e1tica.<\/p>\n\n\n\n<p>No obstante, si realmente tiene voluntad de aplicar la Cuarta Transformaci\u00f3n de Andr\u00e9s Manuel L\u00f3pez Obrador, en el caso de las organizaciones sociales, deber\u00e1 empezar por frenar cualquier tipo de representaci\u00f3n y entregar los apoyos directamente a los municipios o a la poblaci\u00f3n m\u00e1s necesitada.&nbsp;<\/p>\n\n\n\n<p>De lo contrario, el nuevo sexenio ser\u00e1 m\u00e1s de lo mismo, con marchas, bloqueos, protestas en perjuicio ciudadano\u2026 \u201cl\u00edderes\u201d sociales ricos y pueblos cada vez m\u00e1s pobres.<\/p>\n","protected":false},"excerpt":{"rendered":"<p>Ismael Garc\u00eda M.\/Zona Roja. Oaxaca de Ju\u00e1rez, Oax., a 15 de agosto de 2022.- La&hellip;<\/p>\n","protected":false},"author":2,"featured_media":41735,"comment_status":"closed","ping_status":"open","sticky":false,"template":"","format":"standard","meta":{"_lmt_disableupdate":"","_lmt_disable":"","_jetpack_memberships_contains_paid_content":false,"footnotes":""},"categories":[456,109,48],"tags":[1353],"class_list":["post-44635","post","type-post","status-publish","format-standard","has-post-thumbnail","hentry","category-columna","category-minuto-a-minuto","category-zona-critica","tag-opinion-zona-critica"],"jetpack_featured_media_url":"https:\/\/zonaroja.com.mx\/wp-content\/uploads\/2022\/05\/Opinion-Ismael-Garcia-M.jpg","jetpack_sharing_enabled":true,"_links":{"self":[{"href":"https:\/\/zonaroja.com.mx\/index.php?rest_route=\/wp\/v2\/posts\/44635","targetHints":{"allow":["GET"]}}],"collection":[{"href":"https:\/\/zonaroja.com.mx\/index.php?rest_route=\/wp\/v2\/posts"}],"about":[{"href":"https:\/\/zonaroja.com.mx\/index.php?rest_route=\/wp\/v2\/types\/post"}],"author":[{"embeddable":true,"href":"https:\/\/zonaroja.com.mx\/index.php?rest_route=\/wp\/v2\/users\/2"}],"replies":[{"embeddable":true,"href":"https:\/\/zonaroja.com.mx\/index.php?rest_route=%2Fwp%2Fv2%2Fcomments&post=44635"}],"version-history":[{"count":2,"href":"https:\/\/zonaroja.com.mx\/index.php?rest_route=\/wp\/v2\/posts\/44635\/revisions"}],"predecessor-version":[{"id":44637,"href":"https:\/\/zonaroja.com.mx\/index.php?rest_route=\/wp\/v2\/posts\/44635\/revisions\/44637"}],"wp:featuredmedia":[{"embeddable":true,"href":"https:\/\/zonaroja.com.mx\/index.php?rest_route=\/wp\/v2\/media\/41735"}],"wp:attachment":[{"href":"https:\/\/zonaroja.com.mx\/index.php?rest_route=%2Fwp%2Fv2%2Fmedia&parent=44635"}],"wp:term":[{"taxonomy":"category","embeddable":true,"href":"https:\/\/zonaroja.com.mx\/index.php?rest_route=%2Fwp%2Fv2%2Fcategories&post=44635"},{"taxonomy":"post_tag","embeddable":true,"href":"https:\/\/zonaroja.com.mx\/index.php?rest_route=%2Fwp%2Fv2%2Ftags&post=44635"}],"curies":[{"name":"wp","href":"https:\/\/api.w.org\/{rel}","templated":true}]}}