{"id":44638,"date":"2022-08-15T07:47:21","date_gmt":"2022-08-15T12:47:21","guid":{"rendered":"http:\/\/www.zonaroja.com.mx\/?p=44638"},"modified":"2022-08-15T07:47:22","modified_gmt":"2022-08-15T12:47:22","slug":"acumula-fiscalia-de-oaxaca-reconocimientos-en-mananera-por-acciones","status":"publish","type":"post","link":"https:\/\/zonaroja.com.mx\/?p=44638","title":{"rendered":"Acumula Fiscal\u00eda de Oaxaca reconocimientos en \u201cma\u00f1anera\u201d por acciones"},"content":{"rendered":"\n<p>Redacci\u00f3n\/Zona Roja.<\/p>\n\n\n\n<p>Oaxaca de Ju\u00e1rez, Oax., a 15 de agosto de 2022.- En un lapso de tres meses, la Fiscal\u00eda General del Estado de Oaxaca ha acumulado al menos cinco menciones en la conferencia matutina del Presidente Andr\u00e9s Manuel L\u00f3pez Obrador, por los logros conjuntos en la justicia y combate a la impunidad.<\/p>\n\n\n\n<p>Ello en acciones coordinadas con la Guardia Nacional, la Comisi\u00f3n Nacional Antisecuestro y el Ej\u00e9rcito Mexicano, adem\u00e1s de la labor interinstitucional en la entidad, con la Secretar\u00eda de Seguridad P\u00fablica.<\/p>\n\n\n\n<p>Destacan por ejemplo el 12 de mayo del 2022, durante la \u201cma\u00f1anera\u201d del presidente L\u00f3pez Obrador, en que se reconoci\u00f3 el trabajo de la Fiscal\u00eda General del Estado por la detenci\u00f3n de un grupo de secuestradores que operaban a trav\u00e9s de Facebook.<\/p>\n\n\n\n<p>Mientras que el16 de junio del 2022 se inform\u00f3 que la Fiscal\u00eda estatal detuvo a Nicandro \u201cN\u201d y Jes\u00fas \u201cN\u201d, responsables del homicidio de Carlos Eduardo \u201cN\u201d en Juchit\u00e1n.<\/p>\n\n\n\n<p>El 30 de junio se dio a conocer que la instituci\u00f3n que encabeza Arturo Peimbert Calvo realiz\u00f3 la b\u00fasqueda y localizaci\u00f3n de 39 personas en el mes de junio, reportadas como desaparecidas o no localizadas; 26 mujeres y 13 hombres.<\/p>\n\n\n\n<p>A la vez, el 14 de julio se inform\u00f3 que la Fiscal\u00eda General del Estado de Oaxaca detuvo a cinco homicidas de polic\u00edas de San Mateo del Mar.<\/p>\n\n\n\n<p>En tanto que el 21 de julio fiscal\u00eda oaxaque\u00f1a obtuvo la primer sentencia por el delito de desaparici\u00f3n forzada; Juan Fernando \u201cN\u201d recibi\u00f3 sentencia de 40 a\u00f1os de prisi\u00f3n y una multa de 868 mil pesos.<\/p>\n","protected":false},"excerpt":{"rendered":"<p>Redacci\u00f3n\/Zona Roja. Oaxaca de Ju\u00e1rez, Oax., a 15 de agosto de 2022.- En un lapso&hellip;<\/p>\n","protected":false},"author":2,"featured_media":44631,"comment_status":"closed","ping_status":"open","sticky":false,"template":"","format":"standard","meta":{"_lmt_disableupdate":"","_lmt_disable":"","_jetpack_memberships_contains_paid_content":false,"footnotes":""},"categories":[109,46],"tags":[494],"class_list":["post-44638","post","type-post","status-publish","format-standard","has-post-thumbnail","hentry","category-minuto-a-minuto","category-zona-blanca","tag-fiscalia-general-del-estado-de-oaxaca"],"jetpack_featured_media_url":"https:\/\/zonaroja.com.mx\/wp-content\/uploads\/2022\/08\/Oficinas-Fiscalia-General-Oaxaca.jpg","jetpack_sharing_enabled":true,"_links":{"self":[{"href":"https:\/\/zonaroja.com.mx\/index.php?rest_route=\/wp\/v2\/posts\/44638","targetHints":{"allow":["GET"]}}],"collection":[{"href":"https:\/\/zonaroja.com.mx\/index.php?rest_route=\/wp\/v2\/posts"}],"about":[{"href":"https:\/\/zonaroja.com.mx\/index.php?rest_route=\/wp\/v2\/types\/post"}],"author":[{"embeddable":true,"href":"https:\/\/zonaroja.com.mx\/index.php?rest_route=\/wp\/v2\/users\/2"}],"replies":[{"embeddable":true,"href":"https:\/\/zonaroja.com.mx\/index.php?rest_route=%2Fwp%2Fv2%2Fcomments&post=44638"}],"version-history":[{"count":1,"href":"https:\/\/zonaroja.com.mx\/index.php?rest_route=\/wp\/v2\/posts\/44638\/revisions"}],"predecessor-version":[{"id":44639,"href":"https:\/\/zonaroja.com.mx\/index.php?rest_route=\/wp\/v2\/posts\/44638\/revisions\/44639"}],"wp:featuredmedia":[{"embeddable":true,"href":"https:\/\/zonaroja.com.mx\/index.php?rest_route=\/wp\/v2\/media\/44631"}],"wp:attachment":[{"href":"https:\/\/zonaroja.com.mx\/index.php?rest_route=%2Fwp%2Fv2%2Fmedia&parent=44638"}],"wp:term":[{"taxonomy":"category","embeddable":true,"href":"https:\/\/zonaroja.com.mx\/index.php?rest_route=%2Fwp%2Fv2%2Fcategories&post=44638"},{"taxonomy":"post_tag","embeddable":true,"href":"https:\/\/zonaroja.com.mx\/index.php?rest_route=%2Fwp%2Fv2%2Ftags&post=44638"}],"curies":[{"name":"wp","href":"https:\/\/api.w.org\/{rel}","templated":true}]}}