{"id":44640,"date":"2022-08-15T08:17:17","date_gmt":"2022-08-15T13:17:17","guid":{"rendered":"http:\/\/www.zonaroja.com.mx\/?p=44640"},"modified":"2022-08-15T08:17:18","modified_gmt":"2022-08-15T13:17:18","slug":"aumenta-a-tres-los-asesinados-en-pinotepa-identifican-a-las-victimas","status":"publish","type":"post","link":"https:\/\/zonaroja.com.mx\/?p=44640","title":{"rendered":"Aumenta a tres los asesinados en Pinotepa; identifican a las v\u00edctimas"},"content":{"rendered":"\n<p>Ismael Garc\u00eda M.\/Zona Roja.<\/p>\n\n\n\n<p>Oaxaca de Ju\u00e1rez, Oax., a 15 de agosto de 2022.- A tres ascendi\u00f3 el n\u00famero de personas asesinadas ayer domingo en Santiago Pinotepa Nacional, al fallecer hoy un de las v\u00edctimas.<\/p>\n\n\n\n<p>Fue anoche en la localidad de El Carrizo en que se suscit\u00f3 una ri\u00f1a familiar donde un hijo atac\u00f3 a balazos a su padre, de nombre Emiliano L., de 75 a\u00f1os de edad.<\/p>\n\n\n\n<p>El adulto mayor logr\u00f3 asestar un machetazo a su hijo Sergio L. O., quien fue trasladado a un hospital, donde perdi\u00f3 la vida la madrugada de hoy.<\/p>\n\n\n\n<p>Personal de la Vicefiscal\u00eda Regional de la Costa hall\u00f3 en el sitio al menos cinco elementos bal\u00edsticos calibre .22, as\u00ed como un cargador y un machete.<\/p>\n\n\n\n<p>Horas antes, en el centro de Pinotepa Nacional, sujetos armados asesinaron al trabajador de una tortiller\u00eda, identificado como Irving Alberto A. C., de 21 a\u00f1os de edad, hechos ocurridos en la avenida Progreso esquina con 5 Poniente, del barrio Yutacu.<\/p>\n\n\n\n<p>A falta de polic\u00edas municipales en las calles, no hubo personas detenidas.<\/p>\n\n\n\n<p>Por otra parte, la persona asesinada ayer por disparos de arma de fuego en la comunidad de Santa Mar\u00eda Tijaltepec, tambi\u00e9n en la regi\u00f3n de la Costa, fue identificada como&nbsp; Nicodemo P. G., de 28 a\u00f1os de edad.<\/p>\n\n\n\n<p>Tambi\u00e9n ayer, en San Antonio Castillo Velasco, una persona presuntamente se quit\u00f3 la vida en el interior de su veh\u00edculo.&nbsp;<\/p>\n\n\n\n<p>Param\u00e9dicos acudieron al sitio para prestar los primeros auxilios a la v\u00edctima, tras lo cual determinaron trasladarla a un hospital de la ciudad de Oaxaca, pero en el camino perdi\u00f3 la vida, debido a la herida por proyectil de arma de fuego en la sien.<\/p>\n","protected":false},"excerpt":{"rendered":"<p>Ismael Garc\u00eda M.\/Zona Roja. Oaxaca de Ju\u00e1rez, Oax., a 15 de agosto de 2022.- A&hellip;<\/p>\n","protected":false},"author":2,"featured_media":44641,"comment_status":"closed","ping_status":"open","sticky":false,"template":"","format":"standard","meta":{"_lmt_disableupdate":"","_lmt_disable":"","_jetpack_memberships_contains_paid_content":false,"footnotes":""},"categories":[109,51],"tags":[651],"class_list":["post-44640","post","type-post","status-publish","format-standard","has-post-thumbnail","hentry","category-minuto-a-minuto","category-zona-roja","tag-santiago-pinotepa-nacional"],"jetpack_featured_media_url":"https:\/\/zonaroja.com.mx\/wp-content\/uploads\/2022\/08\/Asesinados-Pinotepa-Nacional.jpeg","jetpack_sharing_enabled":true,"_links":{"self":[{"href":"https:\/\/zonaroja.com.mx\/index.php?rest_route=\/wp\/v2\/posts\/44640","targetHints":{"allow":["GET"]}}],"collection":[{"href":"https:\/\/zonaroja.com.mx\/index.php?rest_route=\/wp\/v2\/posts"}],"about":[{"href":"https:\/\/zonaroja.com.mx\/index.php?rest_route=\/wp\/v2\/types\/post"}],"author":[{"embeddable":true,"href":"https:\/\/zonaroja.com.mx\/index.php?rest_route=\/wp\/v2\/users\/2"}],"replies":[{"embeddable":true,"href":"https:\/\/zonaroja.com.mx\/index.php?rest_route=%2Fwp%2Fv2%2Fcomments&post=44640"}],"version-history":[{"count":1,"href":"https:\/\/zonaroja.com.mx\/index.php?rest_route=\/wp\/v2\/posts\/44640\/revisions"}],"predecessor-version":[{"id":44642,"href":"https:\/\/zonaroja.com.mx\/index.php?rest_route=\/wp\/v2\/posts\/44640\/revisions\/44642"}],"wp:featuredmedia":[{"embeddable":true,"href":"https:\/\/zonaroja.com.mx\/index.php?rest_route=\/wp\/v2\/media\/44641"}],"wp:attachment":[{"href":"https:\/\/zonaroja.com.mx\/index.php?rest_route=%2Fwp%2Fv2%2Fmedia&parent=44640"}],"wp:term":[{"taxonomy":"category","embeddable":true,"href":"https:\/\/zonaroja.com.mx\/index.php?rest_route=%2Fwp%2Fv2%2Fcategories&post=44640"},{"taxonomy":"post_tag","embeddable":true,"href":"https:\/\/zonaroja.com.mx\/index.php?rest_route=%2Fwp%2Fv2%2Ftags&post=44640"}],"curies":[{"name":"wp","href":"https:\/\/api.w.org\/{rel}","templated":true}]}}