{"id":44644,"date":"2022-08-15T13:55:41","date_gmt":"2022-08-15T18:55:41","guid":{"rendered":"https:\/\/www.zonaroja.com.mx\/?p=44644"},"modified":"2022-08-15T13:58:45","modified_gmt":"2022-08-15T18:58:45","slug":"destituye-el-mult-a-rogelio-pensamiento-habria-desviado-de-34-mdp","status":"publish","type":"post","link":"https:\/\/zonaroja.com.mx\/?p=44644","title":{"rendered":"Destituye el MULT a Rogelio Pensamiento; habr\u00eda desviado de 34 mdp"},"content":{"rendered":"\n<p>Yuridiana Sosa\/Zona Roja.<\/p>\n\n\n\n<p>Oaxaca de Ju\u00e1rez, Oax., a 15 de agosto de 2022.- Tras dos a\u00f1os al frente del Movimiento de Unificaci\u00f3n y Lucha Triqui (MULT), Rogelio Pensamiento Mesinas fue destituido como coordinador por la asamblea estatal, quien design\u00f3 a una dirigencia pol\u00edtica colectiva. <\/p>\n\n\n\n<p>El anuncio fue dado a conocer por la nueva dirigencia estatal en conferencia de prensa, este lunes, en la Alameda de Le\u00f3n de la capital del estado, en la que apuntaron que a partir de ahora la coordinaci\u00f3n estatal, integrada por 14 personas, ser\u00e1 la responsable del movimiento.<\/p>\n\n\n\n<p>Entre las que mencionaron a Eleazar Ortiz Ram\u00edrez, Em\u00e9rito Ortiz, Juan Dom\u00ednguez P\u00e9rez Castillo, Eustaquio Barrios, Fortino Alvarado, Amando Solana y Virginia Merino, entre otros.<\/p>\n\n\n\n<p>La dirigencia del MULT no dio a conocer los motivos de la separaci\u00f3n del cargo, y limit\u00f3 la justificaci\u00f3n en que fue decisi\u00f3n de la asamblea general.<\/p>\n\n\n\n<p>Sin embargo, fuentes al interior del movimiento triqui se\u00f1alan que Pensamiento Mesinas realiz\u00f3 un desv\u00edo de cerca de 34 millones de pesos, del dinero para obras que han recibido del Gobierno del Estado.<\/p>\n\n\n\n<p>Sobre la problem\u00e1tica que prevalece con los desplazados de Tierra Blanca, Copala, en la zona Triqui en Juxtlahuaca, manifestaron que construir\u00e1n las rutas que llevar\u00e1n a cabo para tratar ese problema.&nbsp;<\/p>\n\n\n\n<p>DIRIGENCIA EN RESISTENCIA<\/p>\n\n\n\n<figure class=\"wp-block-embed\"><div class=\"wp-block-embed__wrapper\">\n<div class=\"twitter-tweet\"><blockquote class=\"twitter-tweet\" data-lang=\"es\"><p lang=\"es\" dir=\"ltr\"><a href=\"https:\/\/twitter.com\/hashtag\/ENVIVO?src=hash&amp;ref_src=twsrc%5Etfw\">#ENVIVO<\/a><br>Oaxaca de Ju\u00e1rez, Oax., a 15 de agosto de 2022. Conferencia de prensa del Movimiento de Unificaci\u00f3n y Lucha Triqui (MULT), para anunciar cambios en la dirigencia estatal; destituyen a Rogelio Pensamiento Mesinas.<br><br>Transmisi\u00f3n \ud83d\udc47<a href=\"https:\/\/t.co\/sNTwDsRe1C\">https:\/\/t.co\/sNTwDsRe1C<\/a> <a href=\"https:\/\/t.co\/fiHuh3re7z\">pic.twitter.com\/fiHuh3re7z<\/a><\/p>&mdash; Zona Roja Oaxaca (@ZonaRoja_Oaxaca) <a href=\"https:\/\/twitter.com\/ZonaRoja_Oaxaca\/status\/1559199839229026312?ref_src=twsrc%5Etfw\">15 de agosto de 2022<\/a><\/blockquote><\/div>\n<\/div><\/figure>\n\n\n\n<p>Durante la dirigencia de Rogelio Pensamientos, nombrado en junio de 2020, mantuvo resistencia a continuar con mesas de di\u00e1logo para dirimir el conflicto de los desplazados, responsabilizando de forma continua de las agresiones a la organizaci\u00f3n Movimiento de Unificaci\u00f3n y Lucha Triqui Independiente (MULTI).<\/p>\n\n\n\n<p>La mas reciente fue en junio, cuando tras el asesinato de uno de los militantes rompi\u00f3 la mesa de di\u00e1logo que se hab\u00eda establecido ante la Secretar\u00eda de Gobernaci\u00f3n, quien &nbsp;llam\u00f3 al MULT al di\u00e1logo sobre el retorno de desplazados a la comunidad de Tierra Blanca Copala, Santiago Juxtlahuaca.<\/p>\n\n\n\n<p>Una ocasi\u00f3n anterior, ocurri\u00f3 en julio del a\u00f1o 2021, cuando impidi\u00f3 el retorno y asegur\u00f3 que no era tiempo para el regreso de las familias desplazadas, quienes se dispon\u00edan camino a su comunidad acompa\u00f1adas de elementos de la Guardia Nacional y de la Polic\u00eda Estatal.<\/p>\n\n\n\n<p>No obstante, con la nueva dirigencia colectiva, no hay una ruta concreta sobre esa problem\u00e1tica y se limitaron a responder que se trazar\u00e1 una v\u00eda que no sea unilateral. <\/p>\n","protected":false},"excerpt":{"rendered":"<p>Yuridiana Sosa\/Zona Roja. Oaxaca de Ju\u00e1rez, Oax., a 15 de agosto de 2022.- Tras dos&hellip;<\/p>\n","protected":false},"author":2,"featured_media":44643,"comment_status":"closed","ping_status":"open","sticky":false,"template":"","format":"standard","meta":{"_lmt_disableupdate":"","_lmt_disable":"","_jetpack_memberships_contains_paid_content":false,"footnotes":""},"categories":[109,47],"tags":[],"class_list":["post-44644","post","type-post","status-publish","format-standard","has-post-thumbnail","hentry","category-minuto-a-minuto","category-zona-gris"],"jetpack_featured_media_url":"https:\/\/zonaroja.com.mx\/wp-content\/uploads\/2022\/08\/b948ab82-87ed-4f49-807a-4429e9c087d5.jpg","jetpack_sharing_enabled":true,"_links":{"self":[{"href":"https:\/\/zonaroja.com.mx\/index.php?rest_route=\/wp\/v2\/posts\/44644","targetHints":{"allow":["GET"]}}],"collection":[{"href":"https:\/\/zonaroja.com.mx\/index.php?rest_route=\/wp\/v2\/posts"}],"about":[{"href":"https:\/\/zonaroja.com.mx\/index.php?rest_route=\/wp\/v2\/types\/post"}],"author":[{"embeddable":true,"href":"https:\/\/zonaroja.com.mx\/index.php?rest_route=\/wp\/v2\/users\/2"}],"replies":[{"embeddable":true,"href":"https:\/\/zonaroja.com.mx\/index.php?rest_route=%2Fwp%2Fv2%2Fcomments&post=44644"}],"version-history":[{"count":1,"href":"https:\/\/zonaroja.com.mx\/index.php?rest_route=\/wp\/v2\/posts\/44644\/revisions"}],"predecessor-version":[{"id":44645,"href":"https:\/\/zonaroja.com.mx\/index.php?rest_route=\/wp\/v2\/posts\/44644\/revisions\/44645"}],"wp:featuredmedia":[{"embeddable":true,"href":"https:\/\/zonaroja.com.mx\/index.php?rest_route=\/wp\/v2\/media\/44643"}],"wp:attachment":[{"href":"https:\/\/zonaroja.com.mx\/index.php?rest_route=%2Fwp%2Fv2%2Fmedia&parent=44644"}],"wp:term":[{"taxonomy":"category","embeddable":true,"href":"https:\/\/zonaroja.com.mx\/index.php?rest_route=%2Fwp%2Fv2%2Fcategories&post=44644"},{"taxonomy":"post_tag","embeddable":true,"href":"https:\/\/zonaroja.com.mx\/index.php?rest_route=%2Fwp%2Fv2%2Ftags&post=44644"}],"curies":[{"name":"wp","href":"https:\/\/api.w.org\/{rel}","templated":true}]}}