{"id":44646,"date":"2022-08-15T15:23:24","date_gmt":"2022-08-15T20:23:24","guid":{"rendered":"http:\/\/www.zonaroja.com.mx\/?p=44646"},"modified":"2022-08-15T15:23:25","modified_gmt":"2022-08-15T20:23:25","slug":"inicia-operaciones-centro-de-control-en-miahuatlan-de-porfirio-diaz","status":"publish","type":"post","link":"https:\/\/zonaroja.com.mx\/?p=44646","title":{"rendered":"Inicia operaciones Centro de Control en Miahuatl\u00e1n de Porfirio D\u00edaz"},"content":{"rendered":"\n<p>Redacci\u00f3n\/Zona Roja.<\/p>\n\n\n\n<p>Oaxaca de Ju\u00e1rez, Oax.,&nbsp; a 15 de agosto de 2022.- Con el objetivo de fortalecer la estrategia de seguridad que se implementa en el estado, la titular de la Secretar\u00eda de Seguridad P\u00fablica de Oaxaca (SSPO), Dalia Ba\u00f1os Noyola, encabez\u00f3 el inicio de operaciones del Centro de Control y Comando (C-2) ubicado en Miahuatl\u00e1n de Porfirio D\u00edaz.<\/p>\n\n\n\n<p>Ba\u00f1os Noyola indic\u00f3 que este subcentro de control es el segundo en la entidad que se instala en la Sierra Sur, teniendo el primero en Putla Villa de Guerrero y el cual beneficiar\u00e1 a m\u00e1s de 50 mil personas de la regi\u00f3n, con un impacto indirecto en 32 municipios.<\/p>\n\n\n\n<p>Cabe se\u00f1alar que tendr\u00e1 una operaci\u00f3n inicial con 17 c\u00e1maras de videovigilancia, ubicadas en ocho puntos de monitoreo inteligentes; tel\u00e9fonos Avaya, equipos de c\u00f3mputo y pantallas en video Wall; as\u00ed como, con personal de operadores y monitoristas.<\/p>\n\n\n\n<p>\u201cLa idea fundamental de este esfuerzo institucional estado-municipio es proporcionar una v\u00eda adecuada para la atenci\u00f3n de emergencias y dar a las instancias receptoras de llamadas y videos; como la Guardia Nacional, la Secretar\u00eda de la Defensa Nacional y la Polic\u00eda Estatal, Vial Estatal y Municipal; herramientas de coordinaci\u00f3n y atenci\u00f3n r\u00e1pida a los requerimientos de la ciudadan\u00eda\u201d, subray\u00f3 la funcionaria estatal.<\/p>\n","protected":false},"excerpt":{"rendered":"<p>Redacci\u00f3n\/Zona Roja. Oaxaca de Ju\u00e1rez, Oax.,&nbsp; a 15 de agosto de 2022.- Con el objetivo&hellip;<\/p>\n","protected":false},"author":2,"featured_media":44647,"comment_status":"closed","ping_status":"open","sticky":false,"template":"","format":"standard","meta":{"_lmt_disableupdate":"","_lmt_disable":"","_jetpack_memberships_contains_paid_content":false,"footnotes":""},"categories":[109,46],"tags":[1421],"class_list":["post-44646","post","type-post","status-publish","format-standard","has-post-thumbnail","hentry","category-minuto-a-minuto","category-zona-blanca","tag-secretaria-de-seguridad-publica-de-oaxaca-sspo"],"jetpack_featured_media_url":"https:\/\/zonaroja.com.mx\/wp-content\/uploads\/2022\/08\/C2-Miahuatlan-SSPO.jpg","jetpack_sharing_enabled":true,"_links":{"self":[{"href":"https:\/\/zonaroja.com.mx\/index.php?rest_route=\/wp\/v2\/posts\/44646","targetHints":{"allow":["GET"]}}],"collection":[{"href":"https:\/\/zonaroja.com.mx\/index.php?rest_route=\/wp\/v2\/posts"}],"about":[{"href":"https:\/\/zonaroja.com.mx\/index.php?rest_route=\/wp\/v2\/types\/post"}],"author":[{"embeddable":true,"href":"https:\/\/zonaroja.com.mx\/index.php?rest_route=\/wp\/v2\/users\/2"}],"replies":[{"embeddable":true,"href":"https:\/\/zonaroja.com.mx\/index.php?rest_route=%2Fwp%2Fv2%2Fcomments&post=44646"}],"version-history":[{"count":1,"href":"https:\/\/zonaroja.com.mx\/index.php?rest_route=\/wp\/v2\/posts\/44646\/revisions"}],"predecessor-version":[{"id":44648,"href":"https:\/\/zonaroja.com.mx\/index.php?rest_route=\/wp\/v2\/posts\/44646\/revisions\/44648"}],"wp:featuredmedia":[{"embeddable":true,"href":"https:\/\/zonaroja.com.mx\/index.php?rest_route=\/wp\/v2\/media\/44647"}],"wp:attachment":[{"href":"https:\/\/zonaroja.com.mx\/index.php?rest_route=%2Fwp%2Fv2%2Fmedia&parent=44646"}],"wp:term":[{"taxonomy":"category","embeddable":true,"href":"https:\/\/zonaroja.com.mx\/index.php?rest_route=%2Fwp%2Fv2%2Fcategories&post=44646"},{"taxonomy":"post_tag","embeddable":true,"href":"https:\/\/zonaroja.com.mx\/index.php?rest_route=%2Fwp%2Fv2%2Ftags&post=44646"}],"curies":[{"name":"wp","href":"https:\/\/api.w.org\/{rel}","templated":true}]}}