{"id":44649,"date":"2022-08-15T15:24:49","date_gmt":"2022-08-15T20:24:49","guid":{"rendered":"http:\/\/www.zonaroja.com.mx\/?p=44649"},"modified":"2022-08-15T15:24:50","modified_gmt":"2022-08-15T20:24:50","slug":"acusan-regidores-de-matias-romero-a-edil-morenista-por-presunto-desvio-de-recursos","status":"publish","type":"post","link":"https:\/\/zonaroja.com.mx\/?p=44649","title":{"rendered":"Acusan regidores de Mat\u00edas Romero a edil morenista por presunto desv\u00edo de recursos"},"content":{"rendered":"\n<p>Yuridiana Sosa\/Zona Roja.<\/p>\n\n\n\n<p>Oaxaca de Ju\u00e1rez, Oax., a 15 de agosto de 2022.- Regidores del ayuntamiento de Mat\u00edas Romero de Avenda\u00f1o exigieron al Organismo \u00d3rgano Superior de Fiscalizaci\u00f3n del Estado de Oaxaca (OSFEO) la certificaci\u00f3n de las actas falsificadas por la edil Obdulia Garc\u00eda L\u00f3pez para la ejecuci\u00f3n de recursos.<\/p>\n\n\n\n<p>En conferencia de prensa, frente a oficinas del \u00d3rgano fiscalizador en la capital oaxaque\u00f1a, cinco de 10 regidores denunciaron el probable desv\u00edo de recursos p\u00fablicos por parte de la presidente emanada del Partido Morena.<\/p>\n\n\n\n<p>Desde el mes pasado, en julio, los regidores manifestaron problemas de presunta corrupci\u00f3n durante la gesti\u00f3n de Garc\u00eda L\u00f3pez, a s\u00f3lo siete meses de gobierno; problema al que se le a\u00f1aden temas de violencia pol\u00edtica al no dejar ejercer cargos para imponer sus decisiones.<\/p>\n\n\n\n<p>Durante la denuncia de este lunes, las autoridades municipales reiteraron que la presidenta ha recurrido a la falsificaci\u00f3n de firmas para la aprobaci\u00f3n de la cuenta p\u00fablica, as\u00ed como para la ejecuci\u00f3n de recursos de obras no licitadas.<\/p>\n\n\n\n<figure class=\"wp-block-embed is-type-rich is-provider-twitter wp-block-embed-twitter\"><div class=\"wp-block-embed__wrapper\">\n<div class=\"twitter-tweet\"><blockquote class=\"twitter-tweet\" data-lang=\"es\"><p lang=\"es\" dir=\"ltr\">Morenistas vs. morenistas. <br>Concejales del municipio de Mat\u00edas Romero Avenda\u00f1o denuncian en la capital oaxaque\u00f1a irregularidades por parte de la presidenta municipal Obdulia Garc\u00eda L\u00f3pez, entre ellos desv\u00edo de recursos. <a href=\"https:\/\/t.co\/29fnzu9RlU\">pic.twitter.com\/29fnzu9RlU<\/a><\/p>&mdash; Zona Roja Oaxaca (@ZonaRoja_Oaxaca) <a href=\"https:\/\/twitter.com\/ZonaRoja_Oaxaca\/status\/1559232792025636864?ref_src=twsrc%5Etfw\">15 de agosto de 2022<\/a><\/blockquote><\/div>\n<\/div><\/figure>\n\n\n\n<p>En lo que va de la administraci\u00f3n se pueden contar una o dos obras, pero sin expediente legal, y sin autorizaci\u00f3n de Cabildo, se\u00f1alaron.<\/p>\n\n\n\n<p>Adem\u00e1s, no se llevaron a cabo convocatorias para la licitaci\u00f3n de obras, ni se form\u00f3 una comisi\u00f3n para revisar los proyectos, pasando \u00fanicamente por la direcci\u00f3n de obras p\u00fablicas, por lo que deducen la malversaci\u00f3n de fondos. &nbsp;<\/p>\n\n\n\n<p>Por estos actos existen denuncias ante la Fiscal\u00eda General de Oaxaca ante el OSFEO, autoridad a la que demandan certificar la falsedad de los documentos que ha presentado Obdulia Garc\u00eda para comprobar gastos.<\/p>\n\n\n\n<p>El grupo de regidores inconformes lo integran el regidor de Planeaci\u00f3n para el Desarrollo Econ\u00f3mico y Ordenamiento Territorial, Ernesto Altamirano lagunas; Sindica Hacendaria, Yarith Lagunes Hern\u00e1ndez; Educaci\u00f3n y Cultura, Magaly Maldonado; de Turismo, Liliana Salinas Hern\u00e1ndez y regidor de Ecolog\u00eda, Jos\u00e9 \u00c1ngel L\u00f3pez S\u00e1nchez.<\/p>\n","protected":false},"excerpt":{"rendered":"<p>Yuridiana Sosa\/Zona Roja. Oaxaca de Ju\u00e1rez, Oax., a 15 de agosto de 2022.- Regidores del&hellip;<\/p>\n","protected":false},"author":2,"featured_media":44650,"comment_status":"closed","ping_status":"open","sticky":false,"template":"","format":"standard","meta":{"_lmt_disableupdate":"","_lmt_disable":"","_jetpack_memberships_contains_paid_content":false,"footnotes":""},"categories":[109,47],"tags":[228],"class_list":["post-44649","post","type-post","status-publish","format-standard","has-post-thumbnail","hentry","category-minuto-a-minuto","category-zona-gris","tag-matias-romero-avendano"],"jetpack_featured_media_url":"https:\/\/zonaroja.com.mx\/wp-content\/uploads\/2022\/08\/Conferencia-regidores-Matias-Romero.jpg","jetpack_sharing_enabled":true,"_links":{"self":[{"href":"https:\/\/zonaroja.com.mx\/index.php?rest_route=\/wp\/v2\/posts\/44649","targetHints":{"allow":["GET"]}}],"collection":[{"href":"https:\/\/zonaroja.com.mx\/index.php?rest_route=\/wp\/v2\/posts"}],"about":[{"href":"https:\/\/zonaroja.com.mx\/index.php?rest_route=\/wp\/v2\/types\/post"}],"author":[{"embeddable":true,"href":"https:\/\/zonaroja.com.mx\/index.php?rest_route=\/wp\/v2\/users\/2"}],"replies":[{"embeddable":true,"href":"https:\/\/zonaroja.com.mx\/index.php?rest_route=%2Fwp%2Fv2%2Fcomments&post=44649"}],"version-history":[{"count":1,"href":"https:\/\/zonaroja.com.mx\/index.php?rest_route=\/wp\/v2\/posts\/44649\/revisions"}],"predecessor-version":[{"id":44651,"href":"https:\/\/zonaroja.com.mx\/index.php?rest_route=\/wp\/v2\/posts\/44649\/revisions\/44651"}],"wp:featuredmedia":[{"embeddable":true,"href":"https:\/\/zonaroja.com.mx\/index.php?rest_route=\/wp\/v2\/media\/44650"}],"wp:attachment":[{"href":"https:\/\/zonaroja.com.mx\/index.php?rest_route=%2Fwp%2Fv2%2Fmedia&parent=44649"}],"wp:term":[{"taxonomy":"category","embeddable":true,"href":"https:\/\/zonaroja.com.mx\/index.php?rest_route=%2Fwp%2Fv2%2Fcategories&post=44649"},{"taxonomy":"post_tag","embeddable":true,"href":"https:\/\/zonaroja.com.mx\/index.php?rest_route=%2Fwp%2Fv2%2Ftags&post=44649"}],"curies":[{"name":"wp","href":"https:\/\/api.w.org\/{rel}","templated":true}]}}