{"id":44655,"date":"2022-08-15T18:48:28","date_gmt":"2022-08-15T23:48:28","guid":{"rendered":"http:\/\/www.zonaroja.com.mx\/?p=44655"},"modified":"2022-08-15T18:50:34","modified_gmt":"2022-08-15T23:50:34","slug":"denuncian-asesinato-de-joven-de-comunidad-de-san-juan-juquila-mixe","status":"publish","type":"post","link":"https:\/\/zonaroja.com.mx\/?p=44655","title":{"rendered":"Denuncian asesinato de joven de comunidad de San Juan Juquila Mixe"},"content":{"rendered":"\n<p>Redacci\u00f3n\/Zona Roja.<\/p>\n\n\n\n<p>Oaxaca de Ju\u00e1rez, Oax., a 15 de agosto de 2022.- Un joven de aproximadamente 22 a\u00f1os de edad e identificado como Tiburcio Manuel fue asesinado ayer en San Juan Juquila Mixe, municipio de la regi\u00f3n Sierra Norte de Oaxaca.<\/p>\n\n\n\n<p>As\u00ed lo denunci\u00f3 el Centro de Derechos Humanos y Asesor\u00eda a Pueblos Ind\u00edgenas (Cedhapi), que detall\u00f3 que el crimen ocurri\u00f3 en el paraje \u201cZarzamora\u201d, mientras la v\u00edctima laboraba en su terreno de siembra con su padre Aquilino Tiburcio Renana, quien adem\u00e1s result\u00f3 lesionado.<\/p>\n\n\n\n<p>En un comunicado, detall\u00f3 que en dicho municipio han ocurrido diversos cr\u00edmenes, como el del 7 de enero del 2017, en que privaron de la vida al menor de edad Jos\u00e9 Antonio P\u00e9rez Manuel.<\/p>\n\n\n\n<p>El d\u00eda 14 de julio del 2022, aproximadamente a las dos de la tarde, fue asesinado en un paraje cercano a la comunidad&nbsp; de Juquila Mixe, el defensor comunitario de derechos humanos&nbsp; de la regi\u00f3n mixe Crisp\u00edn Reyes Pablo, de 60 a\u00f1os de edad, quien fue agente municipal de la comunidad ind\u00edgena Mixe de Guadalupe Victoria.<\/p>\n\n\n\n<p>Mientras que el 17 de Julio, en el paraje \u201cEl Coscomate\u201d de Juquila Mixe, se encontraron los cad\u00e1veres de un hombre y una mujer, quienes eran los se\u00f1ores Porfirio Jos\u00e9 Avelino, de 88 a\u00f1os de edad, y su esposa Epifan\u00eda Hern\u00e1ndez, de 78 a\u00f1os, originarios de Guadalupe Victoria.<\/p>\n\n\n\n<p>El Cedhapi record\u00f3 que desde el 6 de enero de 2017, 128 familias, integradas por 527 personas, fueron expulsadas de la comunidad de Guadalupe Victoria y contin\u00faan refugiadas en San Juan Juquila Mixe.<\/p>\n\n\n\n<p>Ante ello demand\u00f3 a las autoridades municipales justicia para las personas que huyeron de su hogar por miedo a la violencia, as\u00ed como indagar el crimen registrado ayer domingo.<\/p>\n","protected":false},"excerpt":{"rendered":"<p>Redacci\u00f3n\/Zona Roja. Oaxaca de Ju\u00e1rez, Oax., a 15 de agosto de 2022.- Un joven de&hellip;<\/p>\n","protected":false},"author":2,"featured_media":43548,"comment_status":"closed","ping_status":"open","sticky":false,"template":"","format":"standard","meta":{"_lmt_disableupdate":"","_lmt_disable":"","_jetpack_memberships_contains_paid_content":false,"footnotes":""},"categories":[109,51],"tags":[2822],"class_list":["post-44655","post","type-post","status-publish","format-standard","has-post-thumbnail","hentry","category-minuto-a-minuto","category-zona-roja","tag-san-juan-juquila-mixe"],"jetpack_featured_media_url":"https:\/\/zonaroja.com.mx\/wp-content\/uploads\/2022\/07\/San-Juan-Juquila-Mixe.jpeg","jetpack_sharing_enabled":true,"_links":{"self":[{"href":"https:\/\/zonaroja.com.mx\/index.php?rest_route=\/wp\/v2\/posts\/44655","targetHints":{"allow":["GET"]}}],"collection":[{"href":"https:\/\/zonaroja.com.mx\/index.php?rest_route=\/wp\/v2\/posts"}],"about":[{"href":"https:\/\/zonaroja.com.mx\/index.php?rest_route=\/wp\/v2\/types\/post"}],"author":[{"embeddable":true,"href":"https:\/\/zonaroja.com.mx\/index.php?rest_route=\/wp\/v2\/users\/2"}],"replies":[{"embeddable":true,"href":"https:\/\/zonaroja.com.mx\/index.php?rest_route=%2Fwp%2Fv2%2Fcomments&post=44655"}],"version-history":[{"count":1,"href":"https:\/\/zonaroja.com.mx\/index.php?rest_route=\/wp\/v2\/posts\/44655\/revisions"}],"predecessor-version":[{"id":44656,"href":"https:\/\/zonaroja.com.mx\/index.php?rest_route=\/wp\/v2\/posts\/44655\/revisions\/44656"}],"wp:featuredmedia":[{"embeddable":true,"href":"https:\/\/zonaroja.com.mx\/index.php?rest_route=\/wp\/v2\/media\/43548"}],"wp:attachment":[{"href":"https:\/\/zonaroja.com.mx\/index.php?rest_route=%2Fwp%2Fv2%2Fmedia&parent=44655"}],"wp:term":[{"taxonomy":"category","embeddable":true,"href":"https:\/\/zonaroja.com.mx\/index.php?rest_route=%2Fwp%2Fv2%2Fcategories&post=44655"},{"taxonomy":"post_tag","embeddable":true,"href":"https:\/\/zonaroja.com.mx\/index.php?rest_route=%2Fwp%2Fv2%2Ftags&post=44655"}],"curies":[{"name":"wp","href":"https:\/\/api.w.org\/{rel}","templated":true}]}}