{"id":44657,"date":"2022-08-15T19:51:46","date_gmt":"2022-08-16T00:51:46","guid":{"rendered":"http:\/\/www.zonaroja.com.mx\/?p=44657"},"modified":"2022-08-15T19:51:47","modified_gmt":"2022-08-16T00:51:47","slug":"al-alza-violencia-en-san-antonio-de-la-cal-encabeza-delito-de-lesiones-dolosas-sesnsp","status":"publish","type":"post","link":"https:\/\/zonaroja.com.mx\/?p=44657","title":{"rendered":"Al alza violencia en San Antonio de la Cal; encabeza delito de lesiones dolosas: SESNSP"},"content":{"rendered":"\n<p>Yuridiana Sosa\/Zona Roja.<\/p>\n\n\n\n<p>Oaxaca de Ju\u00e1rez, Oax., 15 de agosto de 2022.- Los homicidios dolosos en San Antonio de la Cal, a la luz del d\u00eda, se registran cada vez de forma m\u00e1s frecuente, incrementando la violencia en la localidad conurbada a la capital de Oaxaca, donde las lesiones dolosas encabezan los delitos este 2022.<\/p>\n\n\n\n<p>La ma\u00f1ana de este lunes la paz fue interrumpida ante la ejecuci\u00f3n de un individuo, frente a una construcci\u00f3n y a una escuela primaria; hecho con el que suman dos asesinatos con arma de fuego en menos de dos semanas.<\/p>\n\n\n\n<p>El crimen se registr\u00f3 en la calle Aldama, frente a la escuela \u201cBenito Ju\u00e1rez\u201d e \u201cIgnacio Altamirano\u201d, donde el hombre qued\u00f3 sin vida a un costado de un mont\u00edculo de arena; fue identificado como Mart\u00edn N., de aproximadamente 38 a\u00f1os de edad.<\/p>\n\n\n\n<p>Al lugar arribaron elementos de la Polic\u00eda Municipal y de la Polic\u00eda Vial Estatal para acordonar el \u00e1rea del crimen, a donde tambi\u00e9n arribaron familiares de la v\u00edctima.<\/p>\n\n\n\n<p>En este municipio conurbado a la capital, y donde se localizan oficinas de la Fiscal\u00eda General del Estado, se registr\u00f3 otro asesinato con uso de arma de fuego el pasado 5 de agosto, dentro de un establecimiento de lavaautos.<\/p>\n\n\n\n<p>Anteriormente, en julio, tambi\u00e9n ocurri\u00f3 el homicidio doloso de otro sujeto dentro de un local de vidrier\u00eda, en inmediaciones de la ribera del r\u00edo \u201cSalado\u201d.<\/p>\n\n\n\n<figure class=\"wp-block-embed is-type-rich is-provider-twitter wp-block-embed-twitter\"><div class=\"wp-block-embed__wrapper\">\n<div class=\"twitter-tweet\"><blockquote class=\"twitter-tweet\" data-lang=\"es\"><p lang=\"es\" dir=\"ltr\"><a href=\"https:\/\/twitter.com\/hashtag\/ENVIVO?src=hash&amp;ref_src=twsrc%5Etfw\">#ENVIVO<\/a><br>San Antonio de la Cal, Oax., a 15 de enero de 2022.- Asesinan a balazos a otra persona del sexo masculino, en la calle Aldama de este municipio conurbado a la capital de Oaxaca. <br><br>Transmisi\u00f3n \ud83d\udc47<a href=\"https:\/\/t.co\/xMh7tWQxsp\">https:\/\/t.co\/xMh7tWQxsp<\/a> <a href=\"https:\/\/t.co\/m4TrLdTuW4\">pic.twitter.com\/m4TrLdTuW4<\/a><\/p>&mdash; Zona Roja Oaxaca (@ZonaRoja_Oaxaca) <a href=\"https:\/\/twitter.com\/ZonaRoja_Oaxaca\/status\/1559208544922222592?ref_src=twsrc%5Etfw\">15 de agosto de 2022<\/a><\/blockquote><\/div>\n<\/div><\/figure>\n\n\n\n<p>La violencia tambi\u00e9n se vivi\u00f3 en abril, con el asesinato de un hombre durante una ri\u00f1a. En esa ocasi\u00f3n, el hecho se registr\u00f3 durante la noche en la primera Secci\u00f3n de la poblaci\u00f3n, donde el hombre perdi\u00f3 la vida por herida de un arma blanca.<\/p>\n\n\n\n<p>DATOS OFICIALES<\/p>\n\n\n\n<p>Cifras del Secretariado Ejecutivo del Sistema Nacional de Seguridad P\u00fablica (SESNSP) contrastan con los hechos en San Antonio de la Cal.<\/p>\n\n\n\n<p>El reporte actualizado, al corte del mes de julio, s\u00f3lo registra un homicidio doloso ocurrido en el mes de junio, con uso de arma de fuego.<\/p>\n\n\n\n<p>Mientras que el delito de lesiones dolosas presenta un alto n\u00famero de denuncias presentadas, con un total de 20 casos.<\/p>\n\n\n\n<p>Con uso de arma de fuego, se registr\u00f3 un hecho; dos por arma blanca y 17 con otro elemento; en su mayor\u00eda las agresiones se presentaron el mes de enero, con seis.<\/p>\n\n\n\n<p>Tambi\u00e9n se registr\u00f3 en junio un caso de narcomenudeo, mientras que, por los delitos de feminicidio, secuestro o rapto los datos se mantienen en ceros.<\/p>\n","protected":false},"excerpt":{"rendered":"<p>Yuridiana Sosa\/Zona Roja. Oaxaca de Ju\u00e1rez, Oax., 15 de agosto de 2022.- Los homicidios dolosos&hellip;<\/p>\n","protected":false},"author":2,"featured_media":44658,"comment_status":"closed","ping_status":"open","sticky":false,"template":"","format":"standard","meta":{"_lmt_disableupdate":"","_lmt_disable":"","_jetpack_memberships_contains_paid_content":false,"footnotes":""},"categories":[109,51],"tags":[875],"class_list":["post-44657","post","type-post","status-publish","format-standard","has-post-thumbnail","hentry","category-minuto-a-minuto","category-zona-roja","tag-san-antonio-de-la-cal"],"jetpack_featured_media_url":"https:\/\/zonaroja.com.mx\/wp-content\/uploads\/2022\/08\/Asesinado-San-Antonio-de-la-Cal.jpg","jetpack_sharing_enabled":true,"_links":{"self":[{"href":"https:\/\/zonaroja.com.mx\/index.php?rest_route=\/wp\/v2\/posts\/44657","targetHints":{"allow":["GET"]}}],"collection":[{"href":"https:\/\/zonaroja.com.mx\/index.php?rest_route=\/wp\/v2\/posts"}],"about":[{"href":"https:\/\/zonaroja.com.mx\/index.php?rest_route=\/wp\/v2\/types\/post"}],"author":[{"embeddable":true,"href":"https:\/\/zonaroja.com.mx\/index.php?rest_route=\/wp\/v2\/users\/2"}],"replies":[{"embeddable":true,"href":"https:\/\/zonaroja.com.mx\/index.php?rest_route=%2Fwp%2Fv2%2Fcomments&post=44657"}],"version-history":[{"count":1,"href":"https:\/\/zonaroja.com.mx\/index.php?rest_route=\/wp\/v2\/posts\/44657\/revisions"}],"predecessor-version":[{"id":44659,"href":"https:\/\/zonaroja.com.mx\/index.php?rest_route=\/wp\/v2\/posts\/44657\/revisions\/44659"}],"wp:featuredmedia":[{"embeddable":true,"href":"https:\/\/zonaroja.com.mx\/index.php?rest_route=\/wp\/v2\/media\/44658"}],"wp:attachment":[{"href":"https:\/\/zonaroja.com.mx\/index.php?rest_route=%2Fwp%2Fv2%2Fmedia&parent=44657"}],"wp:term":[{"taxonomy":"category","embeddable":true,"href":"https:\/\/zonaroja.com.mx\/index.php?rest_route=%2Fwp%2Fv2%2Fcategories&post=44657"},{"taxonomy":"post_tag","embeddable":true,"href":"https:\/\/zonaroja.com.mx\/index.php?rest_route=%2Fwp%2Fv2%2Ftags&post=44657"}],"curies":[{"name":"wp","href":"https:\/\/api.w.org\/{rel}","templated":true}]}}