{"id":44660,"date":"2022-08-15T21:17:09","date_gmt":"2022-08-16T02:17:09","guid":{"rendered":"http:\/\/www.zonaroja.com.mx\/?p=44660"},"modified":"2022-08-15T21:17:10","modified_gmt":"2022-08-16T02:17:10","slug":"persigue-policia-estatal-a-grupo-armado-decomisa-armas-de-alto-poder","status":"publish","type":"post","link":"https:\/\/zonaroja.com.mx\/?p=44660","title":{"rendered":"Persigue Polic\u00eda Estatal a grupo armado; decomisa armas de alto poder"},"content":{"rendered":"\n<p>Redacci\u00f3n\/Zona Roja.<\/p>\n\n\n\n<p>Oaxaca de Ju\u00e1rez, Oax., a 15 de agosto de 2022.- A trav\u00e9s de un trabajo coordinado entre la Polic\u00eda Estatal, Secretar\u00eda de la Defensa Nacional (Sedena) y Guardia Nacional fueron decomisadas armas AR15, MP15, un \u201cCuerno de chivo\u201d y un veh\u00edculo en inmediaciones de la agencia municipal de Santa Mar\u00eda Jicaltepec.&nbsp;<\/p>\n\n\n\n<p>Esta tarde se dio a conocer que en la ciudad de Pinotepa Nacional, sujetos desconocidos a bordo de un veh\u00edculo tipo Versa emprendieron la huida al notar la presencia de elementos de la Polic\u00eda Estatal y fuerzas federales.&nbsp;<\/p>\n\n\n\n<p>Los efectivos dieron alcance a la unidad en paraje \u201cR\u00edo La pulga\u201d, camino a Jicaltepec, fue entonces cuando los sujetos que conduc\u00edan el veh\u00edculo abrieron fuego contra los elementos, quienes inmediatamente repelieron la agresi\u00f3n, d\u00e1ndoles alcance metros m\u00e1s adelante en donde los mencionados abandonaron la unidad.&nbsp;<\/p>\n\n\n\n<p>En tanto lo asegurado fue puesto a disposici\u00f3n de las autoridades correspondientes.&nbsp;<\/p>\n","protected":false},"excerpt":{"rendered":"<p>Redacci\u00f3n\/Zona Roja. Oaxaca de Ju\u00e1rez, Oax., a 15 de agosto de 2022.- A trav\u00e9s de&hellip;<\/p>\n","protected":false},"author":2,"featured_media":44662,"comment_status":"closed","ping_status":"open","sticky":false,"template":"","format":"standard","meta":{"_lmt_disableupdate":"","_lmt_disable":"","_jetpack_memberships_contains_paid_content":false,"footnotes":""},"categories":[109,46],"tags":[1421],"class_list":["post-44660","post","type-post","status-publish","format-standard","has-post-thumbnail","hentry","category-minuto-a-minuto","category-zona-blanca","tag-secretaria-de-seguridad-publica-de-oaxaca-sspo"],"jetpack_featured_media_url":"https:\/\/zonaroja.com.mx\/wp-content\/uploads\/2022\/08\/Armas-largas-Policia-Estatal-Costa.jpg","jetpack_sharing_enabled":true,"_links":{"self":[{"href":"https:\/\/zonaroja.com.mx\/index.php?rest_route=\/wp\/v2\/posts\/44660","targetHints":{"allow":["GET"]}}],"collection":[{"href":"https:\/\/zonaroja.com.mx\/index.php?rest_route=\/wp\/v2\/posts"}],"about":[{"href":"https:\/\/zonaroja.com.mx\/index.php?rest_route=\/wp\/v2\/types\/post"}],"author":[{"embeddable":true,"href":"https:\/\/zonaroja.com.mx\/index.php?rest_route=\/wp\/v2\/users\/2"}],"replies":[{"embeddable":true,"href":"https:\/\/zonaroja.com.mx\/index.php?rest_route=%2Fwp%2Fv2%2Fcomments&post=44660"}],"version-history":[{"count":1,"href":"https:\/\/zonaroja.com.mx\/index.php?rest_route=\/wp\/v2\/posts\/44660\/revisions"}],"predecessor-version":[{"id":44663,"href":"https:\/\/zonaroja.com.mx\/index.php?rest_route=\/wp\/v2\/posts\/44660\/revisions\/44663"}],"wp:featuredmedia":[{"embeddable":true,"href":"https:\/\/zonaroja.com.mx\/index.php?rest_route=\/wp\/v2\/media\/44662"}],"wp:attachment":[{"href":"https:\/\/zonaroja.com.mx\/index.php?rest_route=%2Fwp%2Fv2%2Fmedia&parent=44660"}],"wp:term":[{"taxonomy":"category","embeddable":true,"href":"https:\/\/zonaroja.com.mx\/index.php?rest_route=%2Fwp%2Fv2%2Fcategories&post=44660"},{"taxonomy":"post_tag","embeddable":true,"href":"https:\/\/zonaroja.com.mx\/index.php?rest_route=%2Fwp%2Fv2%2Ftags&post=44660"}],"curies":[{"name":"wp","href":"https:\/\/api.w.org\/{rel}","templated":true}]}}