{"id":44664,"date":"2022-08-15T21:48:26","date_gmt":"2022-08-16T02:48:26","guid":{"rendered":"http:\/\/www.zonaroja.com.mx\/?p=44664"},"modified":"2022-08-15T21:48:27","modified_gmt":"2022-08-16T02:48:27","slug":"lunes-rojo-por-accidentes-en-oaxaca-siete-personas-fallecidas","status":"publish","type":"post","link":"https:\/\/zonaroja.com.mx\/?p=44664","title":{"rendered":"Lunes rojo por accidentes en Oaxaca: siete personas fallecidas"},"content":{"rendered":"\n<p>Ismael Garc\u00eda M.\/Zona Roja.<\/p>\n\n\n\n<p>Oaxaca de Ju\u00e1rez, Oax., 15 de agosto de 2022.- Al menos siete personas perdieron la vida este lunes en tres percances carreteros, dos de ellos en la regi\u00f3n de la Costa y uno en los Valles Centrales.<\/p>\n\n\n\n<p>La ma\u00f1ana de hoy en la carretera local a Santa Mar\u00eda Chicontepec, a la altura de Santa Maria Huazolotitl\u00e1n, tres j\u00f3venes que viajaban en una camioneta se impactaron contra un \u00e1rbol.<\/p>\n\n\n\n<p>En el sitio perdieron la vida tres personas, identificadas como Gael C. G., de 22 a\u00f1os de edad, Pablo y Javier, originarios de la comunidad de Collantes, Pinotepa Nacional; al menos cinco personas m\u00e1s fueron trasladadas a un hospital.<\/p>\n\n\n\n<p>En tanto, hoy muri\u00f3 en un hospital un polic\u00eda municipal de Santo Domingo Armenta, a chocar su motocicleta contra un \u00e1rbol; Ra\u00fal S. G., de 23 a\u00f1os de edad, se dirig\u00eda a sus labores cuando sucedi\u00f3 el percance.<\/p>\n\n\n\n<p>Otro percance fatal ocurri\u00f3 esta ma\u00f1ana en la supercarretera Oaxaca-Cuacnopalan, a la altura del kil\u00f3metro 196+700, cerca de la caseta de peaje de Huitzo, al chocar un veh\u00edculo compacto tipo Tsuru, con una camioneta marca Nissan.<\/p>\n\n\n\n<p>En el lugar dos personas perdieron la vida y una m\u00e1s era trasladada en una ambulancia de Caminos y Puentes Federales (Capufe) hacia la ciudad de Oaxaca; pero al llegar en jurisdicci\u00f3n de la agencia de Santa Rosa Panzacola de la capital, fue reportada sin vida.<\/p>\n","protected":false},"excerpt":{"rendered":"<p>Ismael Garc\u00eda M.\/Zona Roja. Oaxaca de Ju\u00e1rez, Oax., 15 de agosto de 2022.- Al menos&hellip;<\/p>\n","protected":false},"author":2,"featured_media":44661,"comment_status":"closed","ping_status":"open","sticky":false,"template":"","format":"standard","meta":{"_lmt_disableupdate":"","_lmt_disable":"","_jetpack_memberships_contains_paid_content":false,"footnotes":""},"categories":[109,51],"tags":[528],"class_list":["post-44664","post","type-post","status-publish","format-standard","has-post-thumbnail","hentry","category-minuto-a-minuto","category-zona-roja","tag-accidentes-de-transito"],"jetpack_featured_media_url":"https:\/\/zonaroja.com.mx\/wp-content\/uploads\/2022\/08\/Accidente-supercarretera-Oaxaca.jpeg","jetpack_sharing_enabled":true,"_links":{"self":[{"href":"https:\/\/zonaroja.com.mx\/index.php?rest_route=\/wp\/v2\/posts\/44664","targetHints":{"allow":["GET"]}}],"collection":[{"href":"https:\/\/zonaroja.com.mx\/index.php?rest_route=\/wp\/v2\/posts"}],"about":[{"href":"https:\/\/zonaroja.com.mx\/index.php?rest_route=\/wp\/v2\/types\/post"}],"author":[{"embeddable":true,"href":"https:\/\/zonaroja.com.mx\/index.php?rest_route=\/wp\/v2\/users\/2"}],"replies":[{"embeddable":true,"href":"https:\/\/zonaroja.com.mx\/index.php?rest_route=%2Fwp%2Fv2%2Fcomments&post=44664"}],"version-history":[{"count":1,"href":"https:\/\/zonaroja.com.mx\/index.php?rest_route=\/wp\/v2\/posts\/44664\/revisions"}],"predecessor-version":[{"id":44665,"href":"https:\/\/zonaroja.com.mx\/index.php?rest_route=\/wp\/v2\/posts\/44664\/revisions\/44665"}],"wp:featuredmedia":[{"embeddable":true,"href":"https:\/\/zonaroja.com.mx\/index.php?rest_route=\/wp\/v2\/media\/44661"}],"wp:attachment":[{"href":"https:\/\/zonaroja.com.mx\/index.php?rest_route=%2Fwp%2Fv2%2Fmedia&parent=44664"}],"wp:term":[{"taxonomy":"category","embeddable":true,"href":"https:\/\/zonaroja.com.mx\/index.php?rest_route=%2Fwp%2Fv2%2Fcategories&post=44664"},{"taxonomy":"post_tag","embeddable":true,"href":"https:\/\/zonaroja.com.mx\/index.php?rest_route=%2Fwp%2Fv2%2Ftags&post=44664"}],"curies":[{"name":"wp","href":"https:\/\/api.w.org\/{rel}","templated":true}]}}