{"id":44666,"date":"2022-08-16T06:42:16","date_gmt":"2022-08-16T11:42:16","guid":{"rendered":"http:\/\/www.zonaroja.com.mx\/?p=44666"},"modified":"2022-08-16T06:42:17","modified_gmt":"2022-08-16T11:42:17","slug":"suma-esfuerzos-poder-judicial-de-oaxaca-y-fundacion-para-el-debido-proceso","status":"publish","type":"post","link":"https:\/\/zonaroja.com.mx\/?p=44666","title":{"rendered":"Suma esfuerzos Poder Judicial de Oaxaca y Fundaci\u00f3n para el Debido Proceso"},"content":{"rendered":"\n<p>Redacci\u00f3n\/Zona Roja.<\/p>\n\n\n\n<p>Oaxaca de Ju\u00e1rez, Oax., a 16 de agosto de 2022.- En las alianzas&nbsp;institucionales que permitan construir un sistema de justicia&nbsp;m\u00e1s eficiente, respetuoso de la pluriculturalidad, cosmovisi\u00f3n de las comunidades ind\u00edgenas y con enfoque en derechos humanos,&nbsp;el titular del Poder Judicial del Estado, magistrado Eduardo Pinacho S\u00e1nchez,&nbsp;encabez\u00f3 un espacio de di\u00e1logo con el&nbsp;Director de Programa en la Fundaci\u00f3n para el Debido Proceso&nbsp;\/&nbsp;Due&nbsp;Process&nbsp;of&nbsp;Law&nbsp;Foundation&nbsp;(DPLF), doctorDaniel&nbsp;Cerqueira.<\/p>\n\n\n\n<p>En su intervenci\u00f3n resalt\u00f3 que&nbsp;desde la creaci\u00f3n&nbsp;-en el a\u00f1o 2016- de la Sala de Justicia Ind\u00edgena y Quinta Sala Penal del Tribunal Superior de Justicia del Estado (TSJE), \u00fanica en su tipo en M\u00e9xico y Latinoam\u00e9rica,&nbsp;se han logrado resultados relevantes,&nbsp;incluso reconocidos a nivel internacional por organismos como la Comisi\u00f3n Interamericana de Derechos Humanos (CIDH).<\/p>\n\n\n\n<p>\u201cEn el Poder Judicial tenemos la firme convicci\u00f3n de que las instituciones p\u00fablicas deben dise\u00f1arse y desarrollarse de acuerdo con la realidad espec\u00edfica social&nbsp;de sus funciones;&nbsp;en ese sentido, estamos construyendo un sistema de justicia respetuoso de la pluralidad y para ello nos hemos vinculado con organizaciones de la sociedad civil\u201d,&nbsp;puntualiz\u00f3.&nbsp;<\/p>\n\n\n\n<p>Durante el encuentro, el&nbsp;magistrado&nbsp;Luis Enrique Cordero Aguilar, destac\u00f3 que la Sala de Justicia Ind\u00edgena&nbsp;trabaja&nbsp;en el proyecto de un Centro de Informaci\u00f3n de Justicia Ind\u00edgena&nbsp;(CIJI), que tiene&nbsp;como objetivo brindar informaci\u00f3n&nbsp;a los operadores jurisdiccionales para que la valoraci\u00f3n de asuntos y toma de decisiones tenga referentes basados en las realidades &nbsp;concretas de los pueblos&nbsp;ind\u00edgenas y visibilizar la diversidad jur\u00eddica existente en las ocho regiones del estado.<\/p>\n\n\n\n<p>En el di\u00e1logo con el reconocido abogado con&nbsp;Estudios Legales Internacionales por la Universidad&nbsp;de Georgetown, Estados Unidos y&nbsp;por la Universidad de&nbsp;Genova, Italia, se dieron a conocer tambi\u00e9n las acciones de&nbsp;socializaci\u00f3n del \u201cProtocolo para la Armonizaci\u00f3n y Coordinaci\u00f3n entre las jurisdicciones estatal e ind\u00edgena&nbsp;afromexicana\u201d,&nbsp;en coordinaci\u00f3n con el INPI, el cual fue elaborado y editado por el Poder Judicial, con apoyo de la sociedad civil y&nbsp;acad\u00e9micos.<\/p>\n\n\n\n<p>Participaron tambi\u00e9n&nbsp;en el encuentro&nbsp;con el representante de&nbsp;la Fundaci\u00f3n para el Debido Proceso, que tiene su sede&nbsp;en Washington, D.C.,&nbsp;los magistrados Manuel de Jes\u00fas L\u00f3pez&nbsp;L\u00f3pezy&nbsp;Alejandro Magno Gonz\u00e1lez Antonio, el doctor V\u00edctor Leonel Juan Mart\u00ednez, del&nbsp;Programa Pluralismo Jur\u00eddico y Eficacia de Derechos (PLURAL-CIESAS)&nbsp;y en modalidad virtual la&nbsp;directora&nbsp;de Derechos Humanos del&nbsp;Consejo de la Judicatura, maestra Nidia Mart\u00ednez Esteva.<\/p>\n","protected":false},"excerpt":{"rendered":"<p>Redacci\u00f3n\/Zona Roja. Oaxaca de Ju\u00e1rez, Oax., a 16 de agosto de 2022.- En las alianzas&nbsp;institucionales&hellip;<\/p>\n","protected":false},"author":2,"featured_media":44667,"comment_status":"closed","ping_status":"open","sticky":false,"template":"","format":"standard","meta":{"_lmt_disableupdate":"","_lmt_disable":"","_jetpack_memberships_contains_paid_content":false,"footnotes":""},"categories":[109,46],"tags":[223],"class_list":["post-44666","post","type-post","status-publish","format-standard","has-post-thumbnail","hentry","category-minuto-a-minuto","category-zona-blanca","tag-poder-judicial-de-oaxaca"],"jetpack_featured_media_url":"https:\/\/zonaroja.com.mx\/wp-content\/uploads\/2022\/08\/Poder-Judicial-Oaxaca-1.jpg","jetpack_sharing_enabled":true,"_links":{"self":[{"href":"https:\/\/zonaroja.com.mx\/index.php?rest_route=\/wp\/v2\/posts\/44666","targetHints":{"allow":["GET"]}}],"collection":[{"href":"https:\/\/zonaroja.com.mx\/index.php?rest_route=\/wp\/v2\/posts"}],"about":[{"href":"https:\/\/zonaroja.com.mx\/index.php?rest_route=\/wp\/v2\/types\/post"}],"author":[{"embeddable":true,"href":"https:\/\/zonaroja.com.mx\/index.php?rest_route=\/wp\/v2\/users\/2"}],"replies":[{"embeddable":true,"href":"https:\/\/zonaroja.com.mx\/index.php?rest_route=%2Fwp%2Fv2%2Fcomments&post=44666"}],"version-history":[{"count":1,"href":"https:\/\/zonaroja.com.mx\/index.php?rest_route=\/wp\/v2\/posts\/44666\/revisions"}],"predecessor-version":[{"id":44668,"href":"https:\/\/zonaroja.com.mx\/index.php?rest_route=\/wp\/v2\/posts\/44666\/revisions\/44668"}],"wp:featuredmedia":[{"embeddable":true,"href":"https:\/\/zonaroja.com.mx\/index.php?rest_route=\/wp\/v2\/media\/44667"}],"wp:attachment":[{"href":"https:\/\/zonaroja.com.mx\/index.php?rest_route=%2Fwp%2Fv2%2Fmedia&parent=44666"}],"wp:term":[{"taxonomy":"category","embeddable":true,"href":"https:\/\/zonaroja.com.mx\/index.php?rest_route=%2Fwp%2Fv2%2Fcategories&post=44666"},{"taxonomy":"post_tag","embeddable":true,"href":"https:\/\/zonaroja.com.mx\/index.php?rest_route=%2Fwp%2Fv2%2Ftags&post=44666"}],"curies":[{"name":"wp","href":"https:\/\/api.w.org\/{rel}","templated":true}]}}