{"id":44669,"date":"2022-08-16T09:42:00","date_gmt":"2022-08-16T14:42:00","guid":{"rendered":"http:\/\/www.zonaroja.com.mx\/?p=44669"},"modified":"2022-08-16T07:09:36","modified_gmt":"2022-08-16T12:09:36","slug":"narcopropaganda-no-narcoterrorismo-dice-gobierno-341-muertos","status":"publish","type":"post","link":"https:\/\/zonaroja.com.mx\/?p=44669","title":{"rendered":"\u201cNarcopropaganda\u201d, no \u201cnarcoterrorismo\u201d, dice gobierno; 341 muertos"},"content":{"rendered":"\n<p>Redacci\u00f3n\/Zona Roja Cdmx.<\/p>\n\n\n\n<p>Ciudad de M\u00e9xico, a 16 de agosto de 2022.- El gobierno de la Rep\u00fablica y el Presidente Andr\u00e9s Manuel L\u00f3pez Obrador minimizaron los hechos violentos ocurridos la semana pasada en el pa\u00eds, que dej\u00f3 como saldo alrededor de 341 muertos; consideraron que no es \u201cnarcoterrorismo\u201d sino \u201cnarcopropaganda\u201d de grupos de la delincuencia organizada.<\/p>\n\n\n\n<p>De acuerdo con datos oficiales, durante la racha de violencia que se vivi\u00f3 en los \u00faltimos d\u00edas en M\u00e9xico, 341 personas fueron asesinadas de manera dolosa en todo el territorio nacional.<\/p>\n\n\n\n<p>Se trata de un promedio de 68 personas asesinadas por d\u00eda, entre el mi\u00e9rcoles 10 de agosto y el domingo 14 de agosto, de acuerdo con las cifras publicadas por la Secretar\u00eda de Seguridad y Protecci\u00f3n Ciudadana (SSPC).<\/p>\n\n\n\n<p>El Informe de Seguridad que d\u00eda con d\u00eda publica la SSPC advierte que del total de asesinatos intencionales, 135 (39.5 por ciento) ocurrieron en los estados de Jalisco, Guanajuato, Chihuahua, Baja California y Michoac\u00e1n.<\/p>\n\n\n\n<p>PROPAGANDA<\/p>\n\n\n\n<p>Ayer al mediod\u00eda el gabinete de seguridad nacional dio una conferencia de prensa para detallar sobre los hechos violentos, como quema de veh\u00edculos y comercios, as\u00ed como asesinatos a civiles, y que ello se debe a que el crimen organizado busca propaganda criminal porque han visto disminuida su capacidad financiera y operativa.&nbsp;<\/p>\n\n\n\n<p>La secretaria de Seguridad y Protecci\u00f3n Ciudadana, Rosa Icela Rodr\u00edguez; el secretario de Gobernaci\u00f3n, Ad\u00e1n&nbsp;Augusto L\u00f3pez Hern\u00e1ndez; los titulares de la Sedena y Marina, Luis Cresencio Sandoval y Rafael Ojeda, respectivamente; as\u00ed como el subsecretario de Seguridad, Ricardo Mej\u00eda Berdeja y el comandante de la Guardia Nacional, Luis Rodr\u00edguez Bucio, coincidieron en que los operativos del gobierno federal ha golpeado a la delincuencia organizada desde hace algunos meses, incluso sostienen que son distractores para \u00absentirse fuertes\u00bb ante un debilitamiento de sus estructuras y sus finanzas, ya que se han decomisado 13 mil 500 millones de pesos.&nbsp;<\/p>\n\n\n\n<p>El general Luis Cresencio Sandoval expuso que la quema de veh\u00edculos, comercios y asesinatos a civiles en Guanajuato y Jalisco entre el 9 y 10 de agosto, se debe a que las fuerzas armadas descubrieron una reuni\u00f3n en Ixtlahuac\u00e1n del R\u00edo, Jalisco, entre presuntamente los l\u00edderes del Cartel de Jalisco Nueva Generaci\u00f3n (CJNG), Ricardo Ruiz \u00abEl Doble R\u00bb, y Gerardo Gonz\u00e1lez \u00abEl Ap\u00e1\u00bb.&nbsp;<\/p>\n\n\n\n<p>Aclar\u00f3 que ninguno de esos l\u00edderes fue detenido, pero el CJNG s\u00ed respondi\u00f3 con quema de negocios y veh\u00edculos en Guanajuato y Jalisco.&nbsp;\u00abLa violencia en Jalisco y Guanajuato fue porque ellos pensaron que ten\u00edamos a esos l\u00edderes\u00bb, expuso el titular de la Sedena.&nbsp;<\/p>\n\n\n\n<p>De la misma forma, en Ciudad Ju\u00e1rez, Chihuahua, la violencia se registr\u00f3 por una disputa entre c\u00e1rteles en el Cereso 3, donde las organizaciones criminales buscaban un distractor y atacaron a civiles y negocios.&nbsp;<\/p>\n\n\n\n<p>ARMADOS DETENIDOS&nbsp;<\/p>\n\n\n\n<p>En Michoac\u00e1n, el gabinete de seguridad, detect\u00f3 a un grupo de 167 personas armadas del c\u00e1rtel Pueblos Unidos y que se enfrentar\u00edan al cartel de Jalisco Nueva Generaci\u00f3n.<\/p>\n\n\n\n<p>En Baja California, seg\u00fan las autoridades, el Cartel del Pac\u00edfico y el&nbsp;Cartel de los Arellano F\u00e9lix mantienen una pugna constante.&nbsp;<\/p>\n\n\n\n<p>Despu\u00e9s de la violencia que se registr\u00f3 entre el 12 y 14 de agosto en cinco estados, las fuerzas armadas y la SSPC detuvieron a 40 personas, muchas de ellas ya puestas a disposici\u00f3n ante el Ministerio P\u00fablico y la Fiscal\u00eda General de la Rep\u00fablica.&nbsp;<\/p>\n\n\n\n<p>Para el subsecretario de Seguridad y Protecci\u00f3n Ciudadana, Ricardo Mej\u00eda Berdeja, los operativos, los decomisos y el golpe a las finanzas del crimen organizado, han dado resultados.&nbsp;<\/p>\n\n\n\n<p>\u00abLa pol\u00edtica de cero impunidad ha permitido generar detenciones relevantes, desmantelando estructuras criminales y reduciendo la capacidad financiera&nbsp;de los grupos delictivos. Esos grupos buscan propaganda&nbsp;criminal para generar psicosis social ante su disminuida capacidad\u00bb, indic\u00f3.&nbsp;<\/p>\n\n\n\n<p>El secretario de Gobernaci\u00f3n, Ad\u00e1n Augusto L\u00f3pez Hern\u00e1ndez, coincidi\u00f3 en que los hechos violentos tienen mucho de propagand\u00edstico. &nbsp;<\/p>\n\n\n\n<p>Seg\u00fan la informaci\u00f3n proporcionada por el gabinete de seguridad, entre el 12 y 14 de agosto, fueron detenidos 3 mil 630 personas, &nbsp;entre ellos por los hechos delictivos en Guanajuato (11), Ciudad Ju\u00e1rez (12), Baja California (12), Jalisco (5) y Michoac\u00e1n (167).<\/p>\n","protected":false},"excerpt":{"rendered":"<p>Redacci\u00f3n\/Zona Roja Cdmx. Ciudad de M\u00e9xico, a 16 de agosto de 2022.- El gobierno de&hellip;<\/p>\n","protected":false},"author":2,"featured_media":44460,"comment_status":"closed","ping_status":"open","sticky":false,"template":"","format":"standard","meta":{"_lmt_disableupdate":"","_lmt_disable":"","_jetpack_memberships_contains_paid_content":false,"footnotes":""},"categories":[109,47],"tags":[1746],"class_list":["post-44669","post","type-post","status-publish","format-standard","has-post-thumbnail","hentry","category-minuto-a-minuto","category-zona-gris","tag-violencia-en-mexico"],"jetpack_featured_media_url":"https:\/\/zonaroja.com.mx\/wp-content\/uploads\/2022\/08\/Incendios-vehiculos-Jalisco-y-Guanajuato.jpeg","jetpack_sharing_enabled":true,"_links":{"self":[{"href":"https:\/\/zonaroja.com.mx\/index.php?rest_route=\/wp\/v2\/posts\/44669","targetHints":{"allow":["GET"]}}],"collection":[{"href":"https:\/\/zonaroja.com.mx\/index.php?rest_route=\/wp\/v2\/posts"}],"about":[{"href":"https:\/\/zonaroja.com.mx\/index.php?rest_route=\/wp\/v2\/types\/post"}],"author":[{"embeddable":true,"href":"https:\/\/zonaroja.com.mx\/index.php?rest_route=\/wp\/v2\/users\/2"}],"replies":[{"embeddable":true,"href":"https:\/\/zonaroja.com.mx\/index.php?rest_route=%2Fwp%2Fv2%2Fcomments&post=44669"}],"version-history":[{"count":1,"href":"https:\/\/zonaroja.com.mx\/index.php?rest_route=\/wp\/v2\/posts\/44669\/revisions"}],"predecessor-version":[{"id":44670,"href":"https:\/\/zonaroja.com.mx\/index.php?rest_route=\/wp\/v2\/posts\/44669\/revisions\/44670"}],"wp:featuredmedia":[{"embeddable":true,"href":"https:\/\/zonaroja.com.mx\/index.php?rest_route=\/wp\/v2\/media\/44460"}],"wp:attachment":[{"href":"https:\/\/zonaroja.com.mx\/index.php?rest_route=%2Fwp%2Fv2%2Fmedia&parent=44669"}],"wp:term":[{"taxonomy":"category","embeddable":true,"href":"https:\/\/zonaroja.com.mx\/index.php?rest_route=%2Fwp%2Fv2%2Fcategories&post=44669"},{"taxonomy":"post_tag","embeddable":true,"href":"https:\/\/zonaroja.com.mx\/index.php?rest_route=%2Fwp%2Fv2%2Ftags&post=44669"}],"curies":[{"name":"wp","href":"https:\/\/api.w.org\/{rel}","templated":true}]}}