{"id":4467,"date":"2019-10-01T20:10:41","date_gmt":"2019-10-02T01:10:41","guid":{"rendered":"http:\/\/www.zonaroja.com.mx\/?p=4467"},"modified":"2019-10-01T20:10:44","modified_gmt":"2019-10-02T01:10:44","slug":"dona-dora-isabel-y-su-historia-de-exito-con-la-floreria-desde-google","status":"publish","type":"post","link":"https:\/\/zonaroja.com.mx\/?p=4467","title":{"rendered":"Do\u00f1a Dora Isabel y su historia de \u00e9xito con la florer\u00eda desde Google"},"content":{"rendered":"\n<p>Evlin\nArag\u00f3n\/Zona Roja.<\/p>\n\n\n\n<p>Santa Luc\u00eda\ndel Camino, Oax., 1 de octubre de 2019.- \u201cYo no sab\u00eda nada de computadoras y\nmucho menos del internet. Pero no ten\u00eda miedo, un d\u00eda me sent\u00e9 y decid\u00ed meterme\nal mundo de la tecnolog\u00eda\u201d, asegura Dora Isabel Canseco, quien desde hace 15 a\u00f1os\nse dedica a la venta de flores. <\/p>\n\n\n\n<p>Abrir una p\u00e1gina web para promocionar su negocio le ha permitido incrementar sus ventas, darle empleo a un grupo de personas, as\u00ed como exportar su trabajo a otras partes del mundo, refiere como parte de uno de los testimonios del \u201cCrece con Google\u201d encuentro que se realiza en Oaxaca desde este martes. <\/p>\n\n\n\n<figure class=\"wp-block-embed-twitter wp-block-embed is-type-rich is-provider-twitter\"><div class=\"wp-block-embed__wrapper\">\n<div class=\"twitter-tweet\"><blockquote class=\"twitter-tweet\" data-lang=\"es\"><p lang=\"es\" dir=\"ltr\">En el uso de herramientas digitales, hay historias de \u00e9xito como el de la floristera Dora Isabel Canseco, que fue compartida hoy en \u201cCrece con Google\u201d que se efect\u00faa en el Centro de Convenciones de Oaxaca. <a href=\"https:\/\/t.co\/ahxaqqlWOM\">pic.twitter.com\/ahxaqqlWOM<\/a><\/p>&mdash; Zona Roja Oaxaca (@MexRoja) <a href=\"https:\/\/twitter.com\/MexRoja\/status\/1179073549023268865?ref_src=twsrc%5Etfw\">1 de octubre de 2019<\/a><\/blockquote><\/div>\n<\/div><\/figure>\n\n\n\n<p>Dora, como\nmuchas otras mujeres, han visto cristalizados sus sue\u00f1os al hacer uso de las\ndiversas aplicaciones digitales que se ofertan actualmente en el mercado, de\nforma particular Google se ha comprometido a impulsar el desarrollo y econom\u00eda\nde las mujeres en el mundo.<\/p>\n\n\n\n<p>El uso de\nherramientas digitales hoy en d\u00eda es fundamental para el desarrollo de\ncualquier negocio, por ello el equipo de Google hace presencia en la entidad\noaxaque\u00f1a para impulsar el uso de las aplicaciones que la empresa pone a\ndisposici\u00f3n en todo el mundo. <\/p>\n\n\n\n<p>\u201cQueremos\nser un aliado de M\u00e9xico y Oaxaca\u201d, aseguran los representantes de una de las\nempresas tecnol\u00f3gicas&nbsp; m\u00e1s importantes\ndel mundo, a la par que se\u00f1alaron buscan que la tecnolog\u00eda se convierta en un\naliado de las personas.<\/p>\n\n\n\n<p>Lo anterior, desde muchas vertientes como el impulso a la econom\u00eda local, la difusi\u00f3n de la amplia cultura con la que cuenta el estado e incluso a ser mejores ciudadanos digitales como plantearon en la inauguraci\u00f3n del encuentro que se realiza este martes y mi\u00e9rcoles en el Centro Cultural y de Convenciones de Oaxaca.<\/p>\n\n\n\n<figure class=\"wp-block-embed-twitter wp-block-embed is-type-rich is-provider-twitter\"><div class=\"wp-block-embed__wrapper\">\n<div class=\"twitter-tweet\"><blockquote class=\"twitter-tweet\" data-lang=\"es\"><p lang=\"es\" dir=\"ltr\">Oaxaca es sede del encuentro \u201cCrece con Google\u201d, que inici\u00f3 este martes en el Centro Cultural y de Convenciones, ubicado en Santa Luc\u00eda del Camino. <a href=\"https:\/\/t.co\/XSfqX57BZc\">pic.twitter.com\/XSfqX57BZc<\/a><\/p>&mdash; Zona Roja Oaxaca (@MexRoja) <a href=\"https:\/\/twitter.com\/MexRoja\/status\/1179057804318896128?ref_src=twsrc%5Etfw\">1 de octubre de 2019<\/a><\/blockquote><\/div>\n<\/div><\/figure>\n\n\n\n<p>\u201cLo\nimpresionante del internet es que la informaci\u00f3n que salga de aqu\u00ed de Oaxaca\nllegar\u00e1 a personas de otras partes del mundo, llegar\u00e1 a todas aquellas&nbsp; que busquen productos o servicios que se\nofertan desde diferentes plataformas dise\u00f1adas con este fin\u201d, expone Miguel\nAlva, representante de la empresa.<\/p>\n\n\n\n<p>Por su parte\nel gobernador Alejandro Murat Hinojosa, celebra la presencia de Google en la\ncapital del estado, de forma particular su disposici\u00f3n a hacer equipo con las y\nlos oaxaque\u00f1os que buscan expandir sus oportunidades comerciales. <\/p>\n","protected":false},"excerpt":{"rendered":"<p>Evlin Arag\u00f3n\/Zona Roja. Santa Luc\u00eda del Camino, Oax., 1 de octubre de 2019.- \u201cYo no&hellip;<\/p>\n","protected":false},"author":2,"featured_media":4468,"comment_status":"closed","ping_status":"open","sticky":false,"template":"","format":"standard","meta":{"_lmt_disableupdate":"","_lmt_disable":"","_jetpack_memberships_contains_paid_content":false,"footnotes":""},"categories":[109,46],"tags":[798],"class_list":["post-4467","post","type-post","status-publish","format-standard","has-post-thumbnail","hentry","category-minuto-a-minuto","category-zona-blanca","tag-crece-con-google"],"jetpack_featured_media_url":"https:\/\/zonaroja.com.mx\/wp-content\/uploads\/2019\/10\/IMG_3676.jpg","jetpack_sharing_enabled":true,"_links":{"self":[{"href":"https:\/\/zonaroja.com.mx\/index.php?rest_route=\/wp\/v2\/posts\/4467","targetHints":{"allow":["GET"]}}],"collection":[{"href":"https:\/\/zonaroja.com.mx\/index.php?rest_route=\/wp\/v2\/posts"}],"about":[{"href":"https:\/\/zonaroja.com.mx\/index.php?rest_route=\/wp\/v2\/types\/post"}],"author":[{"embeddable":true,"href":"https:\/\/zonaroja.com.mx\/index.php?rest_route=\/wp\/v2\/users\/2"}],"replies":[{"embeddable":true,"href":"https:\/\/zonaroja.com.mx\/index.php?rest_route=%2Fwp%2Fv2%2Fcomments&post=4467"}],"version-history":[{"count":1,"href":"https:\/\/zonaroja.com.mx\/index.php?rest_route=\/wp\/v2\/posts\/4467\/revisions"}],"predecessor-version":[{"id":4469,"href":"https:\/\/zonaroja.com.mx\/index.php?rest_route=\/wp\/v2\/posts\/4467\/revisions\/4469"}],"wp:featuredmedia":[{"embeddable":true,"href":"https:\/\/zonaroja.com.mx\/index.php?rest_route=\/wp\/v2\/media\/4468"}],"wp:attachment":[{"href":"https:\/\/zonaroja.com.mx\/index.php?rest_route=%2Fwp%2Fv2%2Fmedia&parent=4467"}],"wp:term":[{"taxonomy":"category","embeddable":true,"href":"https:\/\/zonaroja.com.mx\/index.php?rest_route=%2Fwp%2Fv2%2Fcategories&post=4467"},{"taxonomy":"post_tag","embeddable":true,"href":"https:\/\/zonaroja.com.mx\/index.php?rest_route=%2Fwp%2Fv2%2Ftags&post=4467"}],"curies":[{"name":"wp","href":"https:\/\/api.w.org\/{rel}","templated":true}]}}