{"id":44671,"date":"2022-08-16T07:29:27","date_gmt":"2022-08-16T12:29:27","guid":{"rendered":"http:\/\/www.zonaroja.com.mx\/?p=44671"},"modified":"2022-08-16T14:50:03","modified_gmt":"2022-08-16T19:50:03","slug":"arrastra-el-agua-a-tres-personas-en-la-mixteca-solo-hallan-a-uno","status":"publish","type":"post","link":"https:\/\/zonaroja.com.mx\/?p=44671","title":{"rendered":"Arrastra el agua a tres personas en la Mixteca; s\u00f3lo hallan a uno"},"content":{"rendered":"\n<p>Redacci\u00f3n\/Zona Roja.<\/p>\n\n\n\n<p>Oaxaca de Ju\u00e1rez, Oax., a 16 de agosto de 2022.- Tres personas fueron arrastradas ayer por la tarde por la corriente de un r\u00edo, en San Jos\u00e9 Ayuquila, en la regi\u00f3n Mixteca de Oaxaca, pero s\u00f3lo una fue hallada con vida.<\/p>\n\n\n\n<p>Autoridades municipales de la zona, pobladores y organismos de auxilio coadyuvan en la b\u00fasqueda, que fue suspendida anoche y reanudada esta ma\u00f1ana.<\/p>\n\n\n\n<p>Un individuo cruz\u00f3 con su camioneta el afluente de la zona pero fue arrastrado por el caudal; metros m\u00e1s abajo fue rescatado.<\/p>\n\n\n\n<p>En tanto que padre e hijo intentaron cruzar el r\u00edo para ir por sus animales que cuidaban, pero fueron arrastrados por la crecida y hasta el momento no hay pistas de ellos.<\/p>\n\n\n\n<p>Las brigadas recorren diversos puntos de ese municipio y de localidades de la zona, con la finalidad de localizar a los dos individuos.<\/p>\n","protected":false},"excerpt":{"rendered":"<p>Redacci\u00f3n\/Zona Roja. Oaxaca de Ju\u00e1rez, Oax., a 16 de agosto de 2022.- Tres personas fueron&hellip;<\/p>\n","protected":false},"author":2,"featured_media":44672,"comment_status":"closed","ping_status":"open","sticky":false,"template":"","format":"standard","meta":{"_lmt_disableupdate":"","_lmt_disable":"","_jetpack_memberships_contains_paid_content":false,"footnotes":""},"categories":[109,47],"tags":[3227],"class_list":["post-44671","post","type-post","status-publish","format-standard","has-post-thumbnail","hentry","category-minuto-a-minuto","category-zona-gris","tag-san-jose-ayuquililla"],"jetpack_featured_media_url":"https:\/\/zonaroja.com.mx\/wp-content\/uploads\/2022\/08\/Desaparecido-rio-Mixteca.jpg","jetpack_sharing_enabled":true,"_links":{"self":[{"href":"https:\/\/zonaroja.com.mx\/index.php?rest_route=\/wp\/v2\/posts\/44671","targetHints":{"allow":["GET"]}}],"collection":[{"href":"https:\/\/zonaroja.com.mx\/index.php?rest_route=\/wp\/v2\/posts"}],"about":[{"href":"https:\/\/zonaroja.com.mx\/index.php?rest_route=\/wp\/v2\/types\/post"}],"author":[{"embeddable":true,"href":"https:\/\/zonaroja.com.mx\/index.php?rest_route=\/wp\/v2\/users\/2"}],"replies":[{"embeddable":true,"href":"https:\/\/zonaroja.com.mx\/index.php?rest_route=%2Fwp%2Fv2%2Fcomments&post=44671"}],"version-history":[{"count":2,"href":"https:\/\/zonaroja.com.mx\/index.php?rest_route=\/wp\/v2\/posts\/44671\/revisions"}],"predecessor-version":[{"id":44684,"href":"https:\/\/zonaroja.com.mx\/index.php?rest_route=\/wp\/v2\/posts\/44671\/revisions\/44684"}],"wp:featuredmedia":[{"embeddable":true,"href":"https:\/\/zonaroja.com.mx\/index.php?rest_route=\/wp\/v2\/media\/44672"}],"wp:attachment":[{"href":"https:\/\/zonaroja.com.mx\/index.php?rest_route=%2Fwp%2Fv2%2Fmedia&parent=44671"}],"wp:term":[{"taxonomy":"category","embeddable":true,"href":"https:\/\/zonaroja.com.mx\/index.php?rest_route=%2Fwp%2Fv2%2Fcategories&post=44671"},{"taxonomy":"post_tag","embeddable":true,"href":"https:\/\/zonaroja.com.mx\/index.php?rest_route=%2Fwp%2Fv2%2Ftags&post=44671"}],"curies":[{"name":"wp","href":"https:\/\/api.w.org\/{rel}","templated":true}]}}