{"id":44674,"date":"2022-08-16T07:43:44","date_gmt":"2022-08-16T12:43:44","guid":{"rendered":"http:\/\/www.zonaroja.com.mx\/?p=44674"},"modified":"2022-08-16T07:43:45","modified_gmt":"2022-08-16T12:43:45","slug":"dictan-prision-a-presunto-feminicida-en-la-ciudad-de-oaxaca","status":"publish","type":"post","link":"https:\/\/zonaroja.com.mx\/?p=44674","title":{"rendered":"Dictan prisi\u00f3n a presunto feminicida en la ciudad de Oaxaca"},"content":{"rendered":"\n<p>Redacci\u00f3n\/Zona Roja.&nbsp;<\/p>\n\n\n\n<p>Oaxaca de Ju\u00e1rez, Oax., a 16 de agosto de 2022.- La Fiscal\u00eda General del Estado de Oaxaca (FGEO) obtuvo, del Juzgado Primero Penal, auto de formal prisi\u00f3n contra la persona del sexo masculino identificado como M. R. C., alias \u201cEl Tauro\u201d, probable responsable del delito de feminicidio en agravio de quien en vida respondi\u00f3 al nombre de J. M. S., cometido en la ciudad de Oaxaca de Ju\u00e1rez, en la regi\u00f3n de Valles Centrales.<\/p>\n\n\n\n<p>De acuerdo con la averiguaci\u00f3n previa 39(I)\/2016, el 12 de enero de 2016, aproximadamente a las 18:20 horas, el inculpado condujo a la v\u00edctima a un domicilio ubicado en la colonia Nezahualc\u00f3yotl, en la agencia de San Mart\u00edn Mexicapan, donde probablemente le ocasion\u00f3 la muerte por estrangulaci\u00f3n.<\/p>\n\n\n\n<p>Posteriormente, el 15 de enero de 2016, el cuerpo sin vida de la v\u00edctima fue localizado en el paraje \u201cEl Poleo\u201d, perteneciente al municipio de Santiago Tenango, en el Distrito de Etla.<\/p>\n\n\n\n<p>Ante este hecho, la Vicefiscal\u00eda General de Control Regional intervino de forma inmediata, iniciando una exhaustiva investigaci\u00f3n que permiti\u00f3 la aprehensi\u00f3n del probable responsable.<\/p>\n\n\n\n<p>En audiencia, el Juez Primero Penal del Centro dict\u00f3 auto de formal prisi\u00f3n contra M. R. C., alias \u201cEl Tauro\u201d.<\/p>\n\n\n\n<p>VIOLADOR DETENIDO<\/p>\n\n\n\n<p>Por otra parte, la Fiscal\u00eda General logr\u00f3 la aprehensi\u00f3n de un masculino identificado como G. H. N., quien es se\u00f1alado como probable responsable de la comisi\u00f3n del delito violaci\u00f3n en contra de una adolescente de 14 a\u00f1os (cuya identidad es reservada por ley), cometido el 10 de agosto de 2022 en jurisdicci\u00f3n de Santa Cruz Itundujia, distrito de Putla.<\/p>\n\n\n\n<p>El imputado fue aprehendido por elementos de la Agencia Estatal de Investigaciones (AEI) el 12 de agosto del presente a\u00f1o y fue presentado inmediatamente ante la autoridad que lo requiri\u00f3.&nbsp;&nbsp;&nbsp;&nbsp;&nbsp;&nbsp;&nbsp;<\/p>\n\n\n\n<p>De acuerdo con la causa penal 522\/2022, el 10 de agosto de 2022, el probable responsable agredi\u00f3 de manera sexual a la v\u00edctima, cuando se encontraba en su domicilio ubicado en inmediaciones de la poblaci\u00f3n de Morelos, perteneciente a la referida demarcaci\u00f3n.<\/p>\n\n\n\n<p>Ante estos hechos y tras la denuncia presentada por familiares de la v\u00edctima, la Instituci\u00f3n de procuraci\u00f3n de justicia inici\u00f3 una exhaustiva investigaci\u00f3n -a trav\u00e9s de la Vicefiscal\u00eda Regional de la Mixteca-, logrando identificar y aprehender al probable responsable, cuya situaci\u00f3n jur\u00eddica se resolver\u00e1 en las pr\u00f3ximas horas.<\/p>\n\n\n\n<p>SECUESTRADORES VINCULADOS<\/p>\n\n\n\n<p>Mientras tanto, la Fiscal\u00eda General del Estadoobtuvo, del Juzgado de Control, auto de vinculaci\u00f3n a proceso contra las personas del sexo masculino identificadas como M. A. H., H. R. H. E., H. L. U. R. y L. H. E. (mujer), probables responsables del delito de secuestro agravado en contra de una v\u00edctima de identidad reservada por ley, cometido en el Distrito de Ocotl\u00e1n, en la regi\u00f3n de Valles Centrales.<\/p>\n\n\n\n<p>La detenci\u00f3n de los probables responsables se realiz\u00f3 el pasado 6 de agosto, tras un cateo en el fraccionamiento Los Ocotes, en jurisdicci\u00f3n de Ocotl\u00e1n de Morelos.<\/p>\n\n\n\n<p>De acuerdo con la carpeta de investigaci\u00f3n 8593\/FDAI\/UECS\/2022, el 10 de mayo de 2022, la v\u00edctima (un hombre) de identidad reservada, sali\u00f3 de su domicilio ubicado en el municipio de Asunci\u00f3n Ocotl\u00e1n y no volvi\u00f3 a casa.<\/p>\n\n\n\n<p>Enseguida, la familia de la persona secuestrada, recibi\u00f3 llamadas telef\u00f3nicas en las que exigieron una fuerte cantidad de dinero a cambio de su liberaci\u00f3n.<\/p>\n\n\n\n<p>Ante este hecho, la Fiscal\u00eda Especializada en Atenci\u00f3n a Delitos de Alto Impacto, a trav\u00e9s de la Unidad Especializada en Combate al Secuestro (UECS) inici\u00f3 las investigaciones correspondientes y tras una ardua labor de inteligencia, se logr\u00f3 la detenci\u00f3n de las cuatro personas, quienes fueron presentadas ante la autoridad judicial que las requiri\u00f3.<\/p>\n\n\n\n<p>&nbsp;En audiencia y tras validar los datos de prueba aportados por la FGEO, el Juez en turno determin\u00f3 vincular a proceso a los cuatro probables plagiarios, imponi\u00e9ndoles la medida cautelar de prisi\u00f3n preventiva oficiosa y otorg\u00f3 cinco meses para el cierre de investigaci\u00f3n complementaria.<\/p>\n","protected":false},"excerpt":{"rendered":"<p>Redacci\u00f3n\/Zona Roja.&nbsp; Oaxaca de Ju\u00e1rez, Oax., a 16 de agosto de 2022.- La Fiscal\u00eda General&hellip;<\/p>\n","protected":false},"author":2,"featured_media":44576,"comment_status":"closed","ping_status":"open","sticky":false,"template":"","format":"standard","meta":{"_lmt_disableupdate":"","_lmt_disable":"","_jetpack_memberships_contains_paid_content":false,"footnotes":""},"categories":[109],"tags":[494],"class_list":["post-44674","post","type-post","status-publish","format-standard","has-post-thumbnail","hentry","category-minuto-a-minuto","tag-fiscalia-general-del-estado-de-oaxaca"],"jetpack_featured_media_url":"https:\/\/zonaroja.com.mx\/wp-content\/uploads\/2022\/08\/Detenido-aprehension-encarcelado-prision.jpg","jetpack_sharing_enabled":true,"_links":{"self":[{"href":"https:\/\/zonaroja.com.mx\/index.php?rest_route=\/wp\/v2\/posts\/44674","targetHints":{"allow":["GET"]}}],"collection":[{"href":"https:\/\/zonaroja.com.mx\/index.php?rest_route=\/wp\/v2\/posts"}],"about":[{"href":"https:\/\/zonaroja.com.mx\/index.php?rest_route=\/wp\/v2\/types\/post"}],"author":[{"embeddable":true,"href":"https:\/\/zonaroja.com.mx\/index.php?rest_route=\/wp\/v2\/users\/2"}],"replies":[{"embeddable":true,"href":"https:\/\/zonaroja.com.mx\/index.php?rest_route=%2Fwp%2Fv2%2Fcomments&post=44674"}],"version-history":[{"count":1,"href":"https:\/\/zonaroja.com.mx\/index.php?rest_route=\/wp\/v2\/posts\/44674\/revisions"}],"predecessor-version":[{"id":44675,"href":"https:\/\/zonaroja.com.mx\/index.php?rest_route=\/wp\/v2\/posts\/44674\/revisions\/44675"}],"wp:featuredmedia":[{"embeddable":true,"href":"https:\/\/zonaroja.com.mx\/index.php?rest_route=\/wp\/v2\/media\/44576"}],"wp:attachment":[{"href":"https:\/\/zonaroja.com.mx\/index.php?rest_route=%2Fwp%2Fv2%2Fmedia&parent=44674"}],"wp:term":[{"taxonomy":"category","embeddable":true,"href":"https:\/\/zonaroja.com.mx\/index.php?rest_route=%2Fwp%2Fv2%2Fcategories&post=44674"},{"taxonomy":"post_tag","embeddable":true,"href":"https:\/\/zonaroja.com.mx\/index.php?rest_route=%2Fwp%2Fv2%2Ftags&post=44674"}],"curies":[{"name":"wp","href":"https:\/\/api.w.org\/{rel}","templated":true}]}}