{"id":44676,"date":"2022-08-16T08:05:29","date_gmt":"2022-08-16T13:05:29","guid":{"rendered":"http:\/\/www.zonaroja.com.mx\/?p=44676"},"modified":"2022-08-16T08:05:30","modified_gmt":"2022-08-16T13:05:30","slug":"vinculan-a-proceso-a-dos-elementos-de-la-aei-acusados-de-secuestro","status":"publish","type":"post","link":"https:\/\/zonaroja.com.mx\/?p=44676","title":{"rendered":"Vinculan a proceso a dos elementos de la AEI acusados de secuestro"},"content":{"rendered":"\n<p>Redacci\u00f3n\/Zona Roja.<\/p>\n\n\n\n<p>Oaxaca de Ju\u00e1rez, Oax.,, a 16 de agosto de 2022.- La Fiscal\u00eda General del Estado de Oaxaca logr\u00f3 que fueran vinculados a proceso dos elementos de la Agencia Estatal de Investigaciones (AEI) acusados de secuestro de una persona a la que ped\u00edan 10 millones de pesos por su liberaci\u00f3n.<\/p>\n\n\n\n<p>La audiencia de vinculaci\u00f3n a proceso contra Ismael A. M., ex comandante del Grupo de Aprehensiones, y Walter G. G. inici\u00f3 el domingo por la ma\u00f1ana y concluy\u00f3 ayer por la madrugada.<\/p>\n\n\n\n<p>De acuerdo con datos de la Fiscal\u00eda General, el secuestro ocurri\u00f3 el 7 de octubre del 2021 en San Francisco Telixtlahuaca, cuando un ingeniero fue plagiado y una mujer al parecer los llevaron a una casa de seguridad.&nbsp;<\/p>\n\n\n\n<p>Por la liberaci\u00f3n ped\u00edan 10 millones de pesos y liberaron a la mujer para que fuera por el dinero; al final presuntamente lograron cobrar dos millones de pesos. Tras su detenci\u00f3n, fueron trasladados al reclusorio ubicado en San Francisco Tanivet, Tlacolula.<\/p>\n\n\n\n<p>Luego de la denuncia presentada, la Fiscal\u00eda General intervino y a trav\u00e9s de una ardua labor de inteligencia, el pasado 8 de agosto del a\u00f1o en curso, elementos de la Unidad Especializada en Combate al Secuestro (UECS) de la Fiscal\u00eda Especializada en Atenci\u00f3n a Delitos de Alto Impacto, dieron cumplimiento a la orden de aprehensi\u00f3n girada en contra de dos de los probables plagiarios, quienes fueron puestos a disposici\u00f3n de la autoridad judicial correspondiente.<\/p>\n\n\n\n<p>Durante la audiencia que concluy\u00f3 ayer, los jueces del Poder Judicial de Oaxaca valoraron las pruebas presentadas por el Ministerio P\u00fablico, determinaron vincularlos a procesos y dictar prisi\u00f3n preventiva.&nbsp;<\/p>\n\n\n\n<p>Otorgaron adem\u00e1s un plazo de cuatro meses para el cierre de la investigaci\u00f3n; mientras tanto, contin\u00faan en prisi\u00f3n preventiva en Tanivet, Tlacolula.<\/p>\n","protected":false},"excerpt":{"rendered":"<p>Redacci\u00f3n\/Zona Roja. Oaxaca de Ju\u00e1rez, Oax.,, a 16 de agosto de 2022.- La Fiscal\u00eda General&hellip;<\/p>\n","protected":false},"author":2,"featured_media":23169,"comment_status":"closed","ping_status":"open","sticky":false,"template":"","format":"standard","meta":{"_lmt_disableupdate":"","_lmt_disable":"","_jetpack_memberships_contains_paid_content":false,"footnotes":""},"categories":[109,46],"tags":[494],"class_list":["post-44676","post","type-post","status-publish","format-standard","has-post-thumbnail","hentry","category-minuto-a-minuto","category-zona-blanca","tag-fiscalia-general-del-estado-de-oaxaca"],"jetpack_featured_media_url":"https:\/\/zonaroja.com.mx\/wp-content\/uploads\/2021\/02\/Agencia-AEI-1.jpg","jetpack_sharing_enabled":true,"_links":{"self":[{"href":"https:\/\/zonaroja.com.mx\/index.php?rest_route=\/wp\/v2\/posts\/44676","targetHints":{"allow":["GET"]}}],"collection":[{"href":"https:\/\/zonaroja.com.mx\/index.php?rest_route=\/wp\/v2\/posts"}],"about":[{"href":"https:\/\/zonaroja.com.mx\/index.php?rest_route=\/wp\/v2\/types\/post"}],"author":[{"embeddable":true,"href":"https:\/\/zonaroja.com.mx\/index.php?rest_route=\/wp\/v2\/users\/2"}],"replies":[{"embeddable":true,"href":"https:\/\/zonaroja.com.mx\/index.php?rest_route=%2Fwp%2Fv2%2Fcomments&post=44676"}],"version-history":[{"count":1,"href":"https:\/\/zonaroja.com.mx\/index.php?rest_route=\/wp\/v2\/posts\/44676\/revisions"}],"predecessor-version":[{"id":44677,"href":"https:\/\/zonaroja.com.mx\/index.php?rest_route=\/wp\/v2\/posts\/44676\/revisions\/44677"}],"wp:featuredmedia":[{"embeddable":true,"href":"https:\/\/zonaroja.com.mx\/index.php?rest_route=\/wp\/v2\/media\/23169"}],"wp:attachment":[{"href":"https:\/\/zonaroja.com.mx\/index.php?rest_route=%2Fwp%2Fv2%2Fmedia&parent=44676"}],"wp:term":[{"taxonomy":"category","embeddable":true,"href":"https:\/\/zonaroja.com.mx\/index.php?rest_route=%2Fwp%2Fv2%2Fcategories&post=44676"},{"taxonomy":"post_tag","embeddable":true,"href":"https:\/\/zonaroja.com.mx\/index.php?rest_route=%2Fwp%2Fv2%2Ftags&post=44676"}],"curies":[{"name":"wp","href":"https:\/\/api.w.org\/{rel}","templated":true}]}}