{"id":44682,"date":"2022-08-16T14:17:21","date_gmt":"2022-08-16T19:17:21","guid":{"rendered":"https:\/\/www.zonaroja.com.mx\/?p=44682"},"modified":"2022-08-16T14:17:22","modified_gmt":"2022-08-16T19:17:22","slug":"de-nuevo-oaxaca-es-un-caos-por-bloqueos-y-la-segego-ni-sus-luces","status":"publish","type":"post","link":"https:\/\/zonaroja.com.mx\/?p=44682","title":{"rendered":"De nuevo Oaxaca es un caos por bloqueos; y la Segego ni sus luces"},"content":{"rendered":"\n<p>Yuridiana Sosa\/Zona Roja. <\/p>\n\n\n\n<p>Oaxaca de Ju\u00e1rez, Oax., a 16 de agosto de 2022.- Con bloqueos, protestas y amenazas de movilizaciones, poblaciones y organizaciones sociales volvieron a revelar su inconformidad ante la omisi\u00f3n de la Secretar\u00eda General de Gobierno de Oaxaca (Segego) para atender sus demandas.<\/p>\n\n\n\n<p>Este martes, a tres meses y medio que concluya el sexenio que encabeza Alejandro Murat, se registraron al menos cuatro manifestaciones, en la capital, zona conurbada y en regiones; lo que incluy\u00f3 \u2018plantones\u201d, cierre de complejos de gobiernos y bloqueos.<\/p>\n\n\n\n<p>Desde las primeras horas, pueblos ind\u00edgenas agrupados en el Consejo Institucional de Autoridades Municipales y Agrarias de la Naci\u00f3n Chocholteca y del Comit\u00e9 Regional Cultural Comunitario de San Crist\u00f3bal Suchixtlahuaca, cerraron el paso sobre la autopista Oaxaca- Puebla en la caseta de Suchixtlahuaca.<\/p>\n\n\n\n<p>Los habitantes exigieron, una vez m\u00e1s, la inervenci\u00f3n del Gobierno del Estado para que aplique investigue y suspenda vuelos de avionetas sobre sus territorios, pues se\u00f1alan que lanzan qu\u00edmicos que han impedido la lluvia. <\/p>\n\n\n\n<p>Ante la omisi\u00f3n de atender este caso, expresado la semana pasada con un bloqueo, autoridades y campesinos vuelven a presionar para la soluci\u00f3n de su problema, pues la falta de lluvia ha generado graves afectaciones al 97 por ciento del campo que dependen de este fen\u00f3meno.<\/p>\n\n\n\n<p>Apuntan que las avionetas son contratadas por las granjas porcinas y av\u00edcolas, supuestamente para garantizar la producci\u00f3n y utilidad en n comunidades de Coixtlahuaca, Tequixtepec y Tepetlapa, por lo que tambi\u00e9n exigen el retiro de esas granjas.&nbsp;<\/p>\n\n\n\n<p>CAPITAL Y ZONA CONURBADA&nbsp;<\/p>\n\n\n\n<p>Con un reducido grupo de manifestantes, la organizaci\u00f3n Consejo Ind\u00edgena Popular de Oaxaca (CIPO) \u201cRicardo Flores Mag\u00f3n\u201d se apoder\u00f3 del complejo de Ciudad Administrativa, en Tlalixtac de Cabrera, e instal\u00f3 un campamento frente a un acceso lateral de Palacio de Gobierno en la capital.<\/p>\n\n\n\n<p>Los manifestantes se\u00f1alaron que el gobierno estatal a trav\u00e9s de la Secretar\u00eda General de Gobierno no ha incumplido con las promesas para la soluci\u00f3n de demandas sociales, entre ellas la de viviendas, para familias de su organizaci\u00f3n que se ubican en las zonas triquis, mixes, zapotecas y chinantecas.<\/p>\n\n\n\n<p>Mientras que organizaciones que integran el Movimiento Campesino advirtieron de m\u00e1s movilizaciones por la misma falta por parte de la Segego, quien la semana pasada les cancel\u00f3 la reuni\u00f3n de trabajo.&nbsp;<\/p>\n\n\n\n<p>Adem\u00e1s, exigen la presencia de la Fiscal\u00eda General de Oaxaca para la soluci\u00f3n de casos que afectan a sus agremiados y por asesinato de activistas y l\u00edderes.<\/p>\n\n\n\n<p>OTRAS PROTESTAS Y AMENAZAS<\/p>\n\n\n\n<p>Para exigir el pago de maestros de sus escuelas, habitantes de la comunidad de Monteverde, de San Antonio Monteverde, en la regi\u00f3n Mixteca, instalaron un bloqueo indefinido en la carretera Huajuapan-Oaxaca, en la desviaci\u00f3n al municipio de Tezoatl\u00e1n de Segura y Luna.<\/p>\n\n\n\n<p>Apuntaron que son los propios padres quienes deben cubrir estos salarios, por lo que exigen la intervenci\u00f3n del gobierno del estado.<\/p>\n\n\n\n<p> Por otra parte, medios de la regi\u00f3n del Istmo informaron que autoridades auxiliares de Mat\u00edas Romero iniciar\u00e1n el pr\u00f3ximo jueves bloqueos carreteros. <\/p>\n","protected":false},"excerpt":{"rendered":"<p>Yuridiana Sosa\/Zona Roja. Oaxaca de Ju\u00e1rez, Oax., a 16 de agosto de 2022.- Con bloqueos,&hellip;<\/p>\n","protected":false},"author":2,"featured_media":44681,"comment_status":"closed","ping_status":"open","sticky":false,"template":"","format":"standard","meta":{"_lmt_disableupdate":"","_lmt_disable":"","_jetpack_memberships_contains_paid_content":false,"footnotes":""},"categories":[109,47],"tags":[],"class_list":["post-44682","post","type-post","status-publish","format-standard","has-post-thumbnail","hentry","category-minuto-a-minuto","category-zona-gris"],"jetpack_featured_media_url":"https:\/\/zonaroja.com.mx\/wp-content\/uploads\/2022\/08\/022cd402-9953-4bbc-94ab-6d4837fffbe9.jpg","jetpack_sharing_enabled":true,"_links":{"self":[{"href":"https:\/\/zonaroja.com.mx\/index.php?rest_route=\/wp\/v2\/posts\/44682","targetHints":{"allow":["GET"]}}],"collection":[{"href":"https:\/\/zonaroja.com.mx\/index.php?rest_route=\/wp\/v2\/posts"}],"about":[{"href":"https:\/\/zonaroja.com.mx\/index.php?rest_route=\/wp\/v2\/types\/post"}],"author":[{"embeddable":true,"href":"https:\/\/zonaroja.com.mx\/index.php?rest_route=\/wp\/v2\/users\/2"}],"replies":[{"embeddable":true,"href":"https:\/\/zonaroja.com.mx\/index.php?rest_route=%2Fwp%2Fv2%2Fcomments&post=44682"}],"version-history":[{"count":1,"href":"https:\/\/zonaroja.com.mx\/index.php?rest_route=\/wp\/v2\/posts\/44682\/revisions"}],"predecessor-version":[{"id":44683,"href":"https:\/\/zonaroja.com.mx\/index.php?rest_route=\/wp\/v2\/posts\/44682\/revisions\/44683"}],"wp:featuredmedia":[{"embeddable":true,"href":"https:\/\/zonaroja.com.mx\/index.php?rest_route=\/wp\/v2\/media\/44681"}],"wp:attachment":[{"href":"https:\/\/zonaroja.com.mx\/index.php?rest_route=%2Fwp%2Fv2%2Fmedia&parent=44682"}],"wp:term":[{"taxonomy":"category","embeddable":true,"href":"https:\/\/zonaroja.com.mx\/index.php?rest_route=%2Fwp%2Fv2%2Fcategories&post=44682"},{"taxonomy":"post_tag","embeddable":true,"href":"https:\/\/zonaroja.com.mx\/index.php?rest_route=%2Fwp%2Fv2%2Ftags&post=44682"}],"curies":[{"name":"wp","href":"https:\/\/api.w.org\/{rel}","templated":true}]}}