{"id":44686,"date":"2022-08-16T14:57:13","date_gmt":"2022-08-16T19:57:13","guid":{"rendered":"https:\/\/www.zonaroja.com.mx\/?p=44686"},"modified":"2022-08-16T14:58:08","modified_gmt":"2022-08-16T19:58:08","slug":"rinden-informe-unidades-y-direcciones-del-ieepco-ante-el-consejo-general","status":"publish","type":"post","link":"https:\/\/zonaroja.com.mx\/?p=44686","title":{"rendered":"Rinden informe unidades y direcciones del IEEPCO ante el Consejo General"},"content":{"rendered":"\n<p>Redacci\u00f3n\/Zona Roja.&nbsp;<\/p>\n\n\n\n<p>Oaxaca de Ju\u00e1rez, Oax., a 16 de agosto de 2022.- Como parte de las actividades ordinarias que realiza el Instituto Estatal Electoral y de Participaci\u00f3n Ciudadana de Oaxaca (IEEPCO), este lunes se llev\u00f3 a cabo la sesi\u00f3n en la que la Secretar\u00eda Ejecutiva rindi\u00f3 los informes correspondientes de la Coordinaci\u00f3n Administrativa, direcciones ejecutivas y unidades t\u00e9cnicas del \u00f3rgano electoral, del 01 de mayo al 09 de agosto del 2022.La sesi\u00f3n estuvo encabezada por la consejera presidenta del IEEPCO, Elizabeth S\u00e1nchez Gonz\u00e1lez; las consejeras electorales Carmelita Sibaja Ochoa, Jessica Jazibe Hern\u00e1ndez Garc\u00eda, Nayma Enr\u00edquez Estrada y Zaira Alhel\u00ed Hip\u00f3lito L\u00f3pez; as\u00ed como los consejeros electorales Alejandro Carrasco Sampedro y Wilfrido Lulio Almaraz Santib\u00e1\u00f1ez.<br>As\u00ed mismo el encargado de despacho de la Secretaria Ejecutiva, Juan Carlos Merl\u00edn Mu\u00f1oz; Norma Isabel Jim\u00e9nez L\u00f3pez, Luisa Rebeca Garza L\u00f3pez, Freddie Aguilar Aguilar, Jos\u00e9 Francisco Rocha Anguiano, Filiberto Ch\u00e1vez M\u00e9ndez, Lorena Jim\u00e9nez R\u00edos, Ixchel Melisa Guzm\u00e1n G\u00f3mez, Evlin Marysol Hern\u00e1ndez Arag\u00f3n, Irving Arturo Robles Godina y Mayra Morales Aldaz, quienes encabezan la Coordinaci\u00f3n Administrativa, direcciones ejecutivas y unidades t\u00e9cnicas; as\u00ed como representantes de los partidos pol\u00edticos ante el Consejo General.<br>Durante la sesi\u00f3n y derivado de los informes presentados, las consejeras y consejeros electorales reconocieron la labor realizada por el funcionariado p\u00fablico en las diferentes \u00e1reas del \u00f3rgano electoral, misma que se ha visto reflejada en el buen funcionamiento del IEEPCO en las diversas acciones que les mandata la normatividad.<br>De acuerdo con la consejera presidenta, Elizabeth S\u00e1nchez Gonz\u00e1lez, dichos informes refuerzan la rendici\u00f3n de cuentas como obligaci\u00f3n de las instituciones p\u00fablicas y fomentan la participaci\u00f3n ciudadana, toda vez que la documentaci\u00f3n puede consultarse a fin de constatar la relevancia en la labor que se realiza.<br>Durante la sesi\u00f3n tambi\u00e9n se aprob\u00f3 por unanimidad de votos el acuerdo por el que se determina la redistribuci\u00f3n de los montos del financiamiento p\u00fablico estatal de los partidos pol\u00edticos, para el sostenimiento de las actividades ordinarias permanentes, correspondiente a los meses de agosto a diciembre del dos mil veintid\u00f3s, en raz\u00f3n del registro del partido pol\u00edtico local Fuerza por M\u00e9xico Oaxaca.<br>De igual forma, con cinco votos en contra -dos de ellos anunciados como voto particular- y dos a favor -uno de ellos anunciado como voto razonado, se desecharon los acuerdos IEEPCO-CG-SNI-34\/2022y IEEPCO-CG-SNI-35\/2022 por medio de los cuales se calificaba como jur\u00eddicamente no v\u00e1lida la decisi\u00f3n de terminaci\u00f3n anticipada de mandato de la regidora de Educaci\u00f3n y el regidor de Seguridad P\u00fablica, electos en el 2019 en el ayuntamiento de Santa Mar\u00eda  Atzompa, que electoralmente se rige por Sistemas Normativos Ind\u00edgenas.<br>Mientras que, en asuntos generales las consejeras y consejeros electorales, as\u00ed como representaciones de los partidos pol\u00edticos destacaron la labor de Juan Carlos Merl\u00edn Mu\u00f1oz como encargado de despacho de la Secretar\u00eda Ejecutiva, durante los tres meses que se desempe\u00f1\u00f3 en el cargo, tal y como lo establece su nombramiento respectivo.<br>Finalmente, la consejera electoral Jessica Jazibe Hern\u00e1ndez Garc\u00eda dio a conocer que desde el pasado 12 de agosto se encuentra funcionando la herramienta Integra2 en la p\u00e1gina de internet, misma que permite la accesibilidad de las personas con discapacidad, mismo que fue gratuito por medio del convenio de colaboraci\u00f3n con el \u00d3rgano Garante de Acceso a la Informaci\u00f3n P\u00fablica, Transparencia, Protecci\u00f3n de Datos Personales y Buen Gobierno del Estado de Oaxaca (OGAIPO).<\/p>\n","protected":false},"excerpt":{"rendered":"<p>Redacci\u00f3n\/Zona Roja.&nbsp; Oaxaca de Ju\u00e1rez, Oax., a 16 de agosto de 2022.- Como parte de&hellip;<\/p>\n","protected":false},"author":2,"featured_media":44685,"comment_status":"closed","ping_status":"open","sticky":false,"template":"","format":"standard","meta":{"_lmt_disableupdate":"","_lmt_disable":"","_jetpack_memberships_contains_paid_content":false,"footnotes":""},"categories":[109,46],"tags":[],"class_list":["post-44686","post","type-post","status-publish","format-standard","has-post-thumbnail","hentry","category-minuto-a-minuto","category-zona-blanca"],"jetpack_featured_media_url":"https:\/\/zonaroja.com.mx\/wp-content\/uploads\/2022\/08\/e7dceb07-25e0-4b10-8f16-c254659392a7.jpg","jetpack_sharing_enabled":true,"_links":{"self":[{"href":"https:\/\/zonaroja.com.mx\/index.php?rest_route=\/wp\/v2\/posts\/44686","targetHints":{"allow":["GET"]}}],"collection":[{"href":"https:\/\/zonaroja.com.mx\/index.php?rest_route=\/wp\/v2\/posts"}],"about":[{"href":"https:\/\/zonaroja.com.mx\/index.php?rest_route=\/wp\/v2\/types\/post"}],"author":[{"embeddable":true,"href":"https:\/\/zonaroja.com.mx\/index.php?rest_route=\/wp\/v2\/users\/2"}],"replies":[{"embeddable":true,"href":"https:\/\/zonaroja.com.mx\/index.php?rest_route=%2Fwp%2Fv2%2Fcomments&post=44686"}],"version-history":[{"count":1,"href":"https:\/\/zonaroja.com.mx\/index.php?rest_route=\/wp\/v2\/posts\/44686\/revisions"}],"predecessor-version":[{"id":44687,"href":"https:\/\/zonaroja.com.mx\/index.php?rest_route=\/wp\/v2\/posts\/44686\/revisions\/44687"}],"wp:featuredmedia":[{"embeddable":true,"href":"https:\/\/zonaroja.com.mx\/index.php?rest_route=\/wp\/v2\/media\/44685"}],"wp:attachment":[{"href":"https:\/\/zonaroja.com.mx\/index.php?rest_route=%2Fwp%2Fv2%2Fmedia&parent=44686"}],"wp:term":[{"taxonomy":"category","embeddable":true,"href":"https:\/\/zonaroja.com.mx\/index.php?rest_route=%2Fwp%2Fv2%2Fcategories&post=44686"},{"taxonomy":"post_tag","embeddable":true,"href":"https:\/\/zonaroja.com.mx\/index.php?rest_route=%2Fwp%2Fv2%2Ftags&post=44686"}],"curies":[{"name":"wp","href":"https:\/\/api.w.org\/{rel}","templated":true}]}}