{"id":44696,"date":"2022-08-16T19:37:51","date_gmt":"2022-08-17T00:37:51","guid":{"rendered":"http:\/\/www.zonaroja.com.mx\/?p=44696"},"modified":"2022-08-16T19:37:52","modified_gmt":"2022-08-17T00:37:52","slug":"el-viaje-termino-el-cuerpo-de-yovani-asesinado-en-chihuahua-llego-a-oaxaca","status":"publish","type":"post","link":"https:\/\/zonaroja.com.mx\/?p=44696","title":{"rendered":"El viaje termin\u00f3: el cuerpo de Yovani, asesinado en Chihuahua, lleg\u00f3 a Oaxaca"},"content":{"rendered":"\n<p>Yuridiana Sosa\/Zona Roja.<\/p>\n\n\n\n<p>Oaxaca de Ju\u00e1rez, Oax., a 16 de agosto de 2022.- En medio de un sentido y c\u00e1lido recibimiento por familiares y amigos, el cuerpo del joven Yovani Varo, asesinado en Ciudad Ju\u00e1rez,&nbsp;lleg\u00f3 hoy a su natal San Jos\u00e9 Chiltepec, en la regi\u00f3n de la Cuenca.<\/p>\n\n\n\n<p>El viaje termin\u00f3 para Yovani, al tiempo que siembra un profundo dolor para su madre y dos hermanos que deja. \u00c9l era el mayor sustento de su hogar, el mayor de tres hermanos, el hombre de la casa.<\/p>\n\n\n\n<p>Hace unos 17 meses parti\u00f3 al norte del pa\u00eds en busca de empleo mejor remunerado para ayudar a su familia, zona que hoy es v\u00edctima de la violencia y de una guerra entre grupos criminales.<\/p>\n\n\n\n<p>El pasado jueves Yovani, de 22 a\u00f1os, egresado de Enfermer\u00eda, muri\u00f3 en medio de los ataques armados que se registraron en Ciudad Ju\u00e1rez, Chihuahua; su novia, con quien se encontraba en ese momento, llam\u00f3 a la familia para informar el lamentable hecho.<\/p>\n\n\n\n<p>Yovani vuelve a casa dentro de un ata\u00fad de metal, donde junto con su cuerpo se ir\u00e1n sue\u00f1os y metas de una joven vida.<\/p>\n\n\n\n<p>Fue por la ma\u00f1ana que su cuerpo arrib\u00f3 a San Jos\u00e9 Chiltepec. En el acceso a la poblaci\u00f3n un grupo de personas, entre familiares y amigos, lo recibieron, algunos con una flor blanca para despu\u00e9s depositarla en los floreros que rodearon su ata\u00fad, en el interior de su humilde casa.<\/p>\n\n\n\n<p>La comunidad sigue conmovida por el suceso, pero al mismo tiempo no deja de dar apoyo y aliento a la madre, la se\u00f1ora Candelaria Varo, quien ahora volver\u00e1 a luchar sola para sacar adelante a sus dos hijos menores, la ni\u00f1a menor, diagnosticada recientemente con leucemia.<\/p>\n\n\n\n<p>Se prev\u00e9 que este mi\u00e9rcoles se lleve a cabo su sepelio, en el pante\u00f3n de su comunidad.<\/p>\n\n\n\n<figure class=\"wp-block-image size-large\"><a href=\"http:\/\/www.zonaroja.com.mx\/wp-content\/uploads\/2022\/08\/Sepelio-San-Jose-Chiltepec-.jpg\" data-rel=\"penci-gallery-image-content\" ><img decoding=\"async\" width=\"1024\" height=\"602\" src=\"http:\/\/www.zonaroja.com.mx\/wp-content\/uploads\/2022\/08\/Sepelio-San-Jose-Chiltepec--1024x602.jpg\" alt=\"\" class=\"wp-image-44694\" srcset=\"https:\/\/zonaroja.com.mx\/wp-content\/uploads\/2022\/08\/Sepelio-San-Jose-Chiltepec--1024x602.jpg 1024w, https:\/\/zonaroja.com.mx\/wp-content\/uploads\/2022\/08\/Sepelio-San-Jose-Chiltepec--300x176.jpg 300w, https:\/\/zonaroja.com.mx\/wp-content\/uploads\/2022\/08\/Sepelio-San-Jose-Chiltepec--768x451.jpg 768w, https:\/\/zonaroja.com.mx\/wp-content\/uploads\/2022\/08\/Sepelio-San-Jose-Chiltepec--1170x687.jpg 1170w, https:\/\/zonaroja.com.mx\/wp-content\/uploads\/2022\/08\/Sepelio-San-Jose-Chiltepec--585x344.jpg 585w, https:\/\/zonaroja.com.mx\/wp-content\/uploads\/2022\/08\/Sepelio-San-Jose-Chiltepec-.jpg 1440w\" sizes=\"(max-width: 1024px) 100vw, 1024px\" \/><\/a><\/figure>\n","protected":false},"excerpt":{"rendered":"<p>Yuridiana Sosa\/Zona Roja. Oaxaca de Ju\u00e1rez, Oax., a 16 de agosto de 2022.- En medio&hellip;<\/p>\n","protected":false},"author":2,"featured_media":44695,"comment_status":"closed","ping_status":"open","sticky":false,"template":"","format":"standard","meta":{"_lmt_disableupdate":"","_lmt_disable":"","_jetpack_memberships_contains_paid_content":false,"footnotes":""},"categories":[109,47],"tags":[1616],"class_list":["post-44696","post","type-post","status-publish","format-standard","has-post-thumbnail","hentry","category-minuto-a-minuto","category-zona-gris","tag-san-jose-chiltepec"],"jetpack_featured_media_url":"https:\/\/zonaroja.com.mx\/wp-content\/uploads\/2022\/08\/Sepelio-San-Jose-Chiltepec-2.jpg","jetpack_sharing_enabled":true,"_links":{"self":[{"href":"https:\/\/zonaroja.com.mx\/index.php?rest_route=\/wp\/v2\/posts\/44696","targetHints":{"allow":["GET"]}}],"collection":[{"href":"https:\/\/zonaroja.com.mx\/index.php?rest_route=\/wp\/v2\/posts"}],"about":[{"href":"https:\/\/zonaroja.com.mx\/index.php?rest_route=\/wp\/v2\/types\/post"}],"author":[{"embeddable":true,"href":"https:\/\/zonaroja.com.mx\/index.php?rest_route=\/wp\/v2\/users\/2"}],"replies":[{"embeddable":true,"href":"https:\/\/zonaroja.com.mx\/index.php?rest_route=%2Fwp%2Fv2%2Fcomments&post=44696"}],"version-history":[{"count":1,"href":"https:\/\/zonaroja.com.mx\/index.php?rest_route=\/wp\/v2\/posts\/44696\/revisions"}],"predecessor-version":[{"id":44697,"href":"https:\/\/zonaroja.com.mx\/index.php?rest_route=\/wp\/v2\/posts\/44696\/revisions\/44697"}],"wp:featuredmedia":[{"embeddable":true,"href":"https:\/\/zonaroja.com.mx\/index.php?rest_route=\/wp\/v2\/media\/44695"}],"wp:attachment":[{"href":"https:\/\/zonaroja.com.mx\/index.php?rest_route=%2Fwp%2Fv2%2Fmedia&parent=44696"}],"wp:term":[{"taxonomy":"category","embeddable":true,"href":"https:\/\/zonaroja.com.mx\/index.php?rest_route=%2Fwp%2Fv2%2Fcategories&post=44696"},{"taxonomy":"post_tag","embeddable":true,"href":"https:\/\/zonaroja.com.mx\/index.php?rest_route=%2Fwp%2Fv2%2Ftags&post=44696"}],"curies":[{"name":"wp","href":"https:\/\/api.w.org\/{rel}","templated":true}]}}