{"id":4470,"date":"2019-10-01T20:50:17","date_gmt":"2019-10-02T01:50:17","guid":{"rendered":"http:\/\/www.zonaroja.com.mx\/?p=4470"},"modified":"2019-10-01T20:50:20","modified_gmt":"2019-10-02T01:50:20","slug":"solo-en-siete-escuelas-de-oaxaca-seguiran-sin-clases-por-danos","status":"publish","type":"post","link":"https:\/\/zonaroja.com.mx\/?p=4470","title":{"rendered":"S\u00f3lo en siete escuelas de Oaxaca seguir\u00e1n sin clases, por da\u00f1os"},"content":{"rendered":"\n<p>Redacci\u00f3n\/Zona\nRoja.<\/p>\n\n\n\n<p>Oaxaca de\nJu\u00e1rez, Oax., 1 de octubre de 2019.- S\u00f3lo siete escuelas de Oaxaca da\u00f1adas por\nlas lluvias que caus\u00f3 la Tormenta Tropical \u201cNarda\u201d seguir\u00e1n sin clases este\nmi\u00e9rcoles.<\/p>\n\n\n\n<p>El Instituto\nEstatal de Educaci\u00f3n P\u00fablica de Oaxaca (IEEPO) inform\u00f3 que en el resto de los\nplanteles, este 2 de octubre se reinician las actividades escolares del sistema\neducativo en&nbsp; municipios de las regiones\nde la Costa, Mixteca y Sierra Sur.<\/p>\n\n\n\n<p>Indic\u00f3 que la\ndisposici\u00f3n aplica a las instituciones de educaci\u00f3n inicial, preescolar,\nprimaria y secundaria, de los turnos matutino y vespertino, tanto p\u00fablicas como\nprivadas, con excepci\u00f3n de los planteles que de acuerdo a las valoraciones\nhechas por directivos y autoridades de protecci\u00f3n civil local y estatal as\u00ed lo\ndeterminen, para cuidar la seguridad e integridad f\u00edsica de los escolares,\nprincipalmente en el tr\u00e1nsito a la escuela.<\/p>\n\n\n\n<p>Sobre los\nplanteles que sufrieron da\u00f1os, el IEEPO se\u00f1al\u00f3 que de acuerdo con el reporte\ncorrespondiente, en siete escuelas de Santiago Juxtlahuaca, Calihual\u00e1 y en\nSanta Mar\u00eda Huazolotitl\u00e1n se mantendr\u00e1 la suspensi\u00f3n hasta que lo determinen\nlas autoridades locales, despu\u00e9s de que presentaron algunas afectaciones\nderivadas de inundaciones.<\/p>\n\n\n\n<p>Por lo cual,\nse realizan las labores de limpieza, desinfecci\u00f3n a trav\u00e9s de los Servicios de\nSalud en el estado y acordonamiento de las \u00e1reas da\u00f1adas para posteriormente\nefectuar la valoraci\u00f3n t\u00e9cnica y turnarlo al \u00e1rea respectiva para su atenci\u00f3n.<\/p>\n\n\n\n<p>Pidi\u00f3 a los\ndirectivos, maestros, madres, padres de familia y las y los estudiantes de\ntodos los niveles estar atentos a la informaci\u00f3n oficial que emita la\nCoordinaci\u00f3n Estatal de Protecci\u00f3n Civil (CEPCO), sobre las condiciones\nclim\u00e1ticas que pudieran afectar a las comunidades oaxaque\u00f1as.<\/p>\n","protected":false},"excerpt":{"rendered":"<p>Redacci\u00f3n\/Zona Roja. Oaxaca de Ju\u00e1rez, Oax., 1 de octubre de 2019.- S\u00f3lo siete escuelas de&hellip;<\/p>\n","protected":false},"author":2,"featured_media":4471,"comment_status":"closed","ping_status":"open","sticky":false,"template":"","format":"standard","meta":{"_lmt_disableupdate":"","_lmt_disable":"","_jetpack_memberships_contains_paid_content":false,"footnotes":""},"categories":[109],"tags":[599,790],"class_list":["post-4470","post","type-post","status-publish","format-standard","has-post-thumbnail","hentry","category-minuto-a-minuto","tag-instituto-estatal-de-educacion-publica-de-oaxaca","tag-tormenta-tropical-narda"],"jetpack_featured_media_url":"https:\/\/zonaroja.com.mx\/wp-content\/uploads\/2019\/10\/Sal\u00f3n-de-clases.jpg","jetpack_sharing_enabled":true,"_links":{"self":[{"href":"https:\/\/zonaroja.com.mx\/index.php?rest_route=\/wp\/v2\/posts\/4470","targetHints":{"allow":["GET"]}}],"collection":[{"href":"https:\/\/zonaroja.com.mx\/index.php?rest_route=\/wp\/v2\/posts"}],"about":[{"href":"https:\/\/zonaroja.com.mx\/index.php?rest_route=\/wp\/v2\/types\/post"}],"author":[{"embeddable":true,"href":"https:\/\/zonaroja.com.mx\/index.php?rest_route=\/wp\/v2\/users\/2"}],"replies":[{"embeddable":true,"href":"https:\/\/zonaroja.com.mx\/index.php?rest_route=%2Fwp%2Fv2%2Fcomments&post=4470"}],"version-history":[{"count":1,"href":"https:\/\/zonaroja.com.mx\/index.php?rest_route=\/wp\/v2\/posts\/4470\/revisions"}],"predecessor-version":[{"id":4472,"href":"https:\/\/zonaroja.com.mx\/index.php?rest_route=\/wp\/v2\/posts\/4470\/revisions\/4472"}],"wp:featuredmedia":[{"embeddable":true,"href":"https:\/\/zonaroja.com.mx\/index.php?rest_route=\/wp\/v2\/media\/4471"}],"wp:attachment":[{"href":"https:\/\/zonaroja.com.mx\/index.php?rest_route=%2Fwp%2Fv2%2Fmedia&parent=4470"}],"wp:term":[{"taxonomy":"category","embeddable":true,"href":"https:\/\/zonaroja.com.mx\/index.php?rest_route=%2Fwp%2Fv2%2Fcategories&post=4470"},{"taxonomy":"post_tag","embeddable":true,"href":"https:\/\/zonaroja.com.mx\/index.php?rest_route=%2Fwp%2Fv2%2Ftags&post=4470"}],"curies":[{"name":"wp","href":"https:\/\/api.w.org\/{rel}","templated":true}]}}