{"id":44701,"date":"2022-08-16T21:36:58","date_gmt":"2022-08-17T02:36:58","guid":{"rendered":"http:\/\/www.zonaroja.com.mx\/?p=44701"},"modified":"2022-08-16T21:36:59","modified_gmt":"2022-08-17T02:36:59","slug":"capturan-en-eu-a-presunto-violador-de-su-hija-lo-entregan-a-fiscalia-de-oaxaca","status":"publish","type":"post","link":"https:\/\/zonaroja.com.mx\/?p=44701","title":{"rendered":"Capturan en EU a presunto violador de su hija; lo entregan a Fiscal\u00eda de Oaxaca"},"content":{"rendered":"\n<p>Redacci\u00f3n\/Zona Roja.&nbsp;<\/p>\n\n\n\n<p>Oaxaca de Ju\u00e1rez, Oax., 16 de agosto de 2022.- La colaboraci\u00f3n Insterinstitucional entre la Fiscal\u00eda General del Estado de Oaxaca (FGEO) y la Immigrations and Customs Enforcement (ICE) de la Embajada de Estados Unidos en M\u00e9xico, permiti\u00f3 la aprehensi\u00f3n de la persona del sexo masculino identificada como A. M. V., probable responsable del delito de equiparado a la violaci\u00f3n agravada en contra de su hija menor de edad, cometido en el distrito de Putla.<\/p>\n\n\n\n<p>De acuerdo con la causa penal 267\/2021, el 28 de enero de 2021, el imputado probablemente agredi\u00f3 de manera sexual a la v\u00edctima en el interior de un domicilio ubicado en la poblaci\u00f3n de El Porvenir, perteneciente al municipio de La Reforma, en el distrito de Putla.<\/p>\n\n\n\n<p>Ante este hecho, la Instituci\u00f3n de procuraci\u00f3n de justicia inici\u00f3 los actos de investigaci\u00f3n correspondientes que permitieran ubicar al probable agresor sexual.<\/p>\n\n\n\n<p>Con base en las investigaciones iniciales de campo se determin\u00f3 que el imputado habr\u00eda viajado e ingresado a los Estados Unidos de Norteam\u00e9rica, por lo que se notific\u00f3 a las autoridades de ese pa\u00eds, lo que permiti\u00f3 que personal del ICE lo localizara y aprehendiera en el estado de Nueva Jersey.<\/p>\n\n\n\n<p>Posteriormente, el pasado 10 de agosto, personal del ICE realiz\u00f3 la deportaci\u00f3n controlada del imputado, a trav\u00e9s del Puente Internacional Fronterizo \u201cGateway\u201d, que une a las ciudades de Brownsville, Texas con Matamoros, Tamaulipas, donde fue entregado a la Polic\u00eda Federal Ministerial de la Fiscal\u00eda General de la Rep\u00fablica (FGR), quienes lo pusieron a disposici\u00f3n de Polic\u00edas investigadores de la Fiscal\u00eda General del Estado de Tamaulipas.<\/p>\n\n\n\n<p>Tras ser asegurado, el 11 de agosto, A. M. V. fue puesto a disposici\u00f3n de elementos de la Agencia Estatal de Investigaciones de la FGEO, quienes coordinaron su traslado a la entidad oaxaque\u00f1a para ser presentado ante la autoridad ministerial que lo requiri\u00f3, quien determinar\u00e1 su situaci\u00f3n jur\u00eddica en pr\u00f3ximas horas.<\/p>\n\n\n\n<p>La Fiscal\u00eda General colabora con \u00f3rganos Internacionales y de la Federaci\u00f3n para la b\u00fasqueda y localizaci\u00f3n de responsables de delitos, a fin de presentarlos ante la justicia y hacer valer la Ley.<\/p>\n\n\n\n<p>CASO HUAZANTL\u00c1N<\/p>\n\n\n\n<p>Por otra parte, la Fiscal\u00eda General del Estado de Oaxaca (FGEO) obtuvo, del Juzgado de Control, auto de vinculaci\u00f3n a proceso contra la persona del sexo masculino identificada como J. L. C. S. (Jos\u00e9 Luis), quien fung\u00eda como agente municipal de Huazantl\u00e1n del R\u00edo.<\/p>\n\n\n\n<p>Es el tercer probable part\u00edcipe de los delitos de homicidio calificado con ventaja y de feminicidio, en agravio de 13 hombres y 2 mujeres, respectivamente, hechos ocurridos en junio de 2020, en el municipio de San Mateo del Mar, en la regi\u00f3n del Istmo de Tehuantepec.<\/p>\n\n\n\n<p>Cabe se\u00f1alar que, a la fecha, suman tres las personas que est\u00e1n sujetas a proceso penal por la probable comisi\u00f3n de delitos en estos hechos, dado que, en noviembre de 2021 y abril de 2022, se logr\u00f3 la vinculaci\u00f3n de los masculinos identificados como F. S. S. y G. E. A. o W. E. A., respectivamente.<\/p>\n\n\n\n<p>De acuerdo con la causa penal 206\/2020, en el transcurso de la noche del 21 y la madrugada del 22 de junio de 2020, sucedieron hechos violentos en la agencia municipal de Huazantl\u00e1n del R\u00edo, perteneciente a San Mateo del Mar, derivados de los cuales se registr\u00f3 la muerte de 15 personas.<\/p>\n\n\n\n<p>Desde que tuvo conocimiento de este hecho, la FGEO despleg\u00f3 a su personal multidisciplinario en el lugar y a trav\u00e9s de elementos de la Agencia Estatal de Investigaciones (AEI), agentes del Ministerio P\u00fablico y peritos de su Instituto de Servicios Periciales, en colaboraci\u00f3n con elementos de la Guardia Nacional y de la Polic\u00eda Estatal, se realizaron las primeras diligencias.<\/p>\n\n\n\n<p>En audiencia y tras validar los datos de prueba proporcionados por la Vicefiscal\u00eda Regional del Istmo, el Juez en turno determin\u00f3 vincular a proceso a J. L. C. S., imponiendo la medida cautelar de prisi\u00f3n preventiva oficiosa y otorg\u00f3 dos meses para el cierre de investigaci\u00f3n complementaria.<\/p>\n\n\n\n<p>VIOLADOR PRESO<\/p>\n\n\n\n<p>En otro hecho, la Fiscal\u00eda obtuvo auto de vinculaci\u00f3n a proceso contra la persona del sexo masculino identificada como C. S. R., se\u00f1alado como probable responsable del delito de violaci\u00f3n equiparada en contra de una ni\u00f1a de 11 a\u00f1os de edad (cuya identidad es reservada), cometido febrero de 2022, en la Heroica Ciudad de Huajuapan de Le\u00f3n, en la regi\u00f3n Mixteca.<\/p>\n\n\n\n<p>De acuerdo con la causa penal 153\/2022, el 23 de febrero de 2022, el probable responsable agredi\u00f3 de manera sexual a la v\u00edctima, cuando se encontraba en el patio de su domicilio ubicado en inmediaciones de la demarcaci\u00f3n antes se\u00f1alada.<\/p>\n\n\n\n<p>Ante estos hechos y tras la denuncia presentada por familiares de la v\u00edctima, la Instituci\u00f3n de procuraci\u00f3n de justicia inici\u00f3 una exhaustiva investigaci\u00f3n -a trav\u00e9s de la Vicefiscal\u00eda Regional de la Mixteca-, logrando presentar ante el Juez de la causa al probable responsable.<\/p>\n\n\n\n<p>En audiencia y tras validar los datos de prueba proporcionados por la FGEO, el juez en turno determin\u00f3 vincular a proceso a C. S. R., imponiendo la medida cautelar de prisi\u00f3n preventiva oficiosa y otorg\u00f3 un mes y medio para el cierre de investigaci\u00f3n complementaria.<\/p>\n\n\n\n<p>En otro caso diferente, por el delito de violencia familiar y lesiones, cometido el 9 de agosto de 2022, en la Heroica Ciudad de Tlaxiaco, la FGEO obtuvo auto de vinculaci\u00f3n a proceso en contra del masculino C. J. O., quien probablemente agredi\u00f3 f\u00edsicamente a la v\u00edctima A. H. L.<\/p>\n\n\n\n<p>Hechos asentados en la causa penal 163\/2022. En este sentido, el Juez concedi\u00f3 dos meses para el cierre de investigaci\u00f3n y otorg\u00f3 medidas cautelares en favor de la v\u00edctima.<\/p>\n","protected":false},"excerpt":{"rendered":"<p>Redacci\u00f3n\/Zona Roja.&nbsp; Oaxaca de Ju\u00e1rez, Oax., 16 de agosto de 2022.- La colaboraci\u00f3n Insterinstitucional entre&hellip;<\/p>\n","protected":false},"author":2,"featured_media":44702,"comment_status":"closed","ping_status":"open","sticky":false,"template":"","format":"standard","meta":{"_lmt_disableupdate":"","_lmt_disable":"","_jetpack_memberships_contains_paid_content":false,"footnotes":""},"categories":[109,46],"tags":[494],"class_list":["post-44701","post","type-post","status-publish","format-standard","has-post-thumbnail","hentry","category-minuto-a-minuto","category-zona-blanca","tag-fiscalia-general-del-estado-de-oaxaca"],"jetpack_featured_media_url":"https:\/\/zonaroja.com.mx\/wp-content\/uploads\/2022\/08\/Detenido-en-EU-Fiscalia.jpg","jetpack_sharing_enabled":true,"_links":{"self":[{"href":"https:\/\/zonaroja.com.mx\/index.php?rest_route=\/wp\/v2\/posts\/44701","targetHints":{"allow":["GET"]}}],"collection":[{"href":"https:\/\/zonaroja.com.mx\/index.php?rest_route=\/wp\/v2\/posts"}],"about":[{"href":"https:\/\/zonaroja.com.mx\/index.php?rest_route=\/wp\/v2\/types\/post"}],"author":[{"embeddable":true,"href":"https:\/\/zonaroja.com.mx\/index.php?rest_route=\/wp\/v2\/users\/2"}],"replies":[{"embeddable":true,"href":"https:\/\/zonaroja.com.mx\/index.php?rest_route=%2Fwp%2Fv2%2Fcomments&post=44701"}],"version-history":[{"count":1,"href":"https:\/\/zonaroja.com.mx\/index.php?rest_route=\/wp\/v2\/posts\/44701\/revisions"}],"predecessor-version":[{"id":44703,"href":"https:\/\/zonaroja.com.mx\/index.php?rest_route=\/wp\/v2\/posts\/44701\/revisions\/44703"}],"wp:featuredmedia":[{"embeddable":true,"href":"https:\/\/zonaroja.com.mx\/index.php?rest_route=\/wp\/v2\/media\/44702"}],"wp:attachment":[{"href":"https:\/\/zonaroja.com.mx\/index.php?rest_route=%2Fwp%2Fv2%2Fmedia&parent=44701"}],"wp:term":[{"taxonomy":"category","embeddable":true,"href":"https:\/\/zonaroja.com.mx\/index.php?rest_route=%2Fwp%2Fv2%2Fcategories&post=44701"},{"taxonomy":"post_tag","embeddable":true,"href":"https:\/\/zonaroja.com.mx\/index.php?rest_route=%2Fwp%2Fv2%2Ftags&post=44701"}],"curies":[{"name":"wp","href":"https:\/\/api.w.org\/{rel}","templated":true}]}}