{"id":44713,"date":"2022-08-17T07:01:57","date_gmt":"2022-08-17T12:01:57","guid":{"rendered":"http:\/\/www.zonaroja.com.mx\/?p=44713"},"modified":"2022-08-17T07:01:58","modified_gmt":"2022-08-17T12:01:58","slug":"mejora-poder-judicial-de-oaxaca-funcionamiento-de-las-salas-penales","status":"publish","type":"post","link":"https:\/\/zonaroja.com.mx\/?p=44713","title":{"rendered":"Mejora Poder Judicial de Oaxaca funcionamiento de las Salas Penales"},"content":{"rendered":"\n<p>Redacci\u00f3n\/Zona Roja.<\/p>\n\n\n\n<p>Oaxaca de Ju\u00e1rez, Oax., a 17 de agosto de 2022.- La reestructuraci\u00f3n que el Poder Judicial del Estado de Oaxaca realiz\u00f3 en 2021 de las Salas Penales del Tribunal Superior de Justicia, ha permitido avanzar de manera m\u00e1s eficiente en la atenci\u00f3n de los asuntos de su competencia, como son los recursos de apelaci\u00f3n que se interponen contra las sentencias dictadas por los jueces tanto del sistema tradicional como acusatorio, se\u00f1al\u00f3&nbsp;el magistrado Gerardo Adelfo Carmona Castillo.&nbsp;<\/p>\n\n\n\n<p>Al ser entrevistado para el&nbsp;Podcast&nbsp;\u201cHablemos Justamente\u201d,producido por el Poder Judicial del Estado en colaboraci\u00f3n&nbsp;con la Corporaci\u00f3n Oaxaque\u00f1a de Radio y Televisi\u00f3n (Cortv),&nbsp;el magistrado integrante de la Segunda Sala Penal, explic\u00f3 los cambios en la instituci\u00f3n derivado&nbsp;de la reingenier\u00eda al interior de la instituci\u00f3n,&nbsp;encaminada a mejorar su organizaci\u00f3n, administraci\u00f3n y&nbsp;funcionamiento.<\/p>\n\n\n\n<p>Destac\u00f3 que a partir&nbsp;de modificaciones al art\u00edculo 20 de la Ley Org\u00e1nica y por Acuerdo General 7\/2021, el Pleno del Tribunal Superior de Justicia del Estado, que preside el magistrado Eduardo Pinacho S\u00e1nchez,&nbsp;se&nbsp;estableci\u00f3 la modificaci\u00f3n de la denominaci\u00f3n de las Salas Penales, creaci\u00f3n e instalaci\u00f3n de las Salas Penales Unitarias y competencia de la Salas Penales Colegiadas y Salas Penales Unitarias. &nbsp;<\/p>\n\n\n\n<p>Ello est\u00e1 rindiendo frutos al&nbsp;hacer m\u00e1s&nbsp;eficiente&nbsp;el servicio y la atenci\u00f3n que se brinda a la sociedad, agilizar los asuntos que requieren de la m\u00e1s pronta resoluci\u00f3n, as\u00ed como lograr una equilibrada distribuci\u00f3n de la carga de&nbsp;trabajo, ya&nbsp;que antes de la reestructuraci\u00f3n se presentaba un rezago de cerca de 500 asuntos por resolver, manifest\u00f3.&nbsp;<\/p>\n\n\n\n<p>En el caso de las Salas Colegiadas, puntualiz\u00f3 que&nbsp;est\u00e1n integradas por tres magistrados y magistradas y las Unitarias por un solo magistrado o magistrada.&nbsp;Actualmente, en el&nbsp;TribunalSuperior de Justicia&nbsp;funcionan&nbsp;siete&nbsp;Salas Penales Colegiadas y 18 Salas Penales Unitarias.<\/p>\n\n\n\n<p>El&nbsp;podcast&nbsp;\u201cHablemos Justamente\u201d,&nbsp;conducido por&nbsp;Yared&nbsp;Z\u00e1rate,&nbsp;se transmite los d\u00edas&nbsp;martes&nbsp;a las&nbsp;9:00 horas por Global 96.9 FM, Oaxaque\u00f1a Radio 92.9 FM y&nbsp;se encuentra disponible en las redes sociales del Poder Judicial del Estado con enlace a&nbsp;Spotify&nbsp;en&nbsp;https:\/\/open.spotify.com\/show\/5dYwaeC9J1VaUgIOHceURx,&nbsp;https:\/\/anchor.fm\/trinunal-superior-justicia-oaxaca&nbsp;y&nbsp;Souncloud&nbsp;enhttps:\/\/soundcloud.com\/hablemosjustamente.<\/p>\n","protected":false},"excerpt":{"rendered":"<p>Redacci\u00f3n\/Zona Roja. Oaxaca de Ju\u00e1rez, Oax., a 17 de agosto de 2022.- La reestructuraci\u00f3n que&hellip;<\/p>\n","protected":false},"author":2,"featured_media":44714,"comment_status":"closed","ping_status":"open","sticky":false,"template":"","format":"standard","meta":{"_lmt_disableupdate":"","_lmt_disable":"","_jetpack_memberships_contains_paid_content":false,"footnotes":""},"categories":[109,46],"tags":[223],"class_list":["post-44713","post","type-post","status-publish","format-standard","has-post-thumbnail","hentry","category-minuto-a-minuto","category-zona-blanca","tag-poder-judicial-de-oaxaca"],"jetpack_featured_media_url":"https:\/\/zonaroja.com.mx\/wp-content\/uploads\/2022\/08\/El-magistrado-Gerardo-Carmona-participo-en-el-podcast-Hablemos-Justamente.jpeg","jetpack_sharing_enabled":true,"_links":{"self":[{"href":"https:\/\/zonaroja.com.mx\/index.php?rest_route=\/wp\/v2\/posts\/44713","targetHints":{"allow":["GET"]}}],"collection":[{"href":"https:\/\/zonaroja.com.mx\/index.php?rest_route=\/wp\/v2\/posts"}],"about":[{"href":"https:\/\/zonaroja.com.mx\/index.php?rest_route=\/wp\/v2\/types\/post"}],"author":[{"embeddable":true,"href":"https:\/\/zonaroja.com.mx\/index.php?rest_route=\/wp\/v2\/users\/2"}],"replies":[{"embeddable":true,"href":"https:\/\/zonaroja.com.mx\/index.php?rest_route=%2Fwp%2Fv2%2Fcomments&post=44713"}],"version-history":[{"count":1,"href":"https:\/\/zonaroja.com.mx\/index.php?rest_route=\/wp\/v2\/posts\/44713\/revisions"}],"predecessor-version":[{"id":44715,"href":"https:\/\/zonaroja.com.mx\/index.php?rest_route=\/wp\/v2\/posts\/44713\/revisions\/44715"}],"wp:featuredmedia":[{"embeddable":true,"href":"https:\/\/zonaroja.com.mx\/index.php?rest_route=\/wp\/v2\/media\/44714"}],"wp:attachment":[{"href":"https:\/\/zonaroja.com.mx\/index.php?rest_route=%2Fwp%2Fv2%2Fmedia&parent=44713"}],"wp:term":[{"taxonomy":"category","embeddable":true,"href":"https:\/\/zonaroja.com.mx\/index.php?rest_route=%2Fwp%2Fv2%2Fcategories&post=44713"},{"taxonomy":"post_tag","embeddable":true,"href":"https:\/\/zonaroja.com.mx\/index.php?rest_route=%2Fwp%2Fv2%2Ftags&post=44713"}],"curies":[{"name":"wp","href":"https:\/\/api.w.org\/{rel}","templated":true}]}}