{"id":44719,"date":"2022-08-17T13:11:00","date_gmt":"2022-08-17T18:11:00","guid":{"rendered":"http:\/\/www.zonaroja.com.mx\/?p=44719"},"modified":"2022-08-17T07:14:22","modified_gmt":"2022-08-17T12:14:22","slug":"opinion-oportunidad-perdida-2","status":"publish","type":"post","link":"https:\/\/zonaroja.com.mx\/?p=44719","title":{"rendered":"Opini\u00f3n. Oportunidad perdida"},"content":{"rendered":"\n<p>Gibr\u00e1n Ram\u00edrez Reyes*<\/p>\n\n\n\n<p>En la calle, en el espacio p\u00fablico y en las encuestas, la inflaci\u00f3n ocupa un lugar cada vez m\u00e1s importante entre las preocupaciones de todos. El sentimiento de impotencia es compartido.&nbsp;<\/p>\n\n\n\n<p>Todos sabemos que la inflaci\u00f3n no es culpa del gobierno, pero tambi\u00e9n nos preguntamos qu\u00e9 m\u00e1s podr\u00eda hacerse. \u00bfYa se ha hecho todo lo que se pod\u00eda para contener esta crisis que vino de fuera?, \u00bfqueda solo resignarnos al mundo que nos toc\u00f3 vivir?, \u00bfmaldecir la guerra y la pandemia?, \u00bflamentarnos por los m\u00e1s pobres y rezar por que hallen todos una forma de hacer llegar a su mesa los alimentos cada d\u00eda?&nbsp;<\/p>\n\n\n\n<p>Nuestra indefensi\u00f3n es producto, con responsabilidades diferenciadas, de la necedad neoliberal y del fracaso de este gobierno. De los neoliberales, porque durante decenios sostuvieron la tesis de que no era importante que M\u00e9xico fuera autosuficiente en t\u00e9rminos alimentarios.&nbsp;<\/p>\n\n\n\n<p>Es m\u00e1s barato, dijeron, comprar que producir aqu\u00ed los alimentos, y era mejor idea vender al extranjero cosas que dejan a los empresarios del pa\u00eds mayores ganancias. Los alimentos se comprar\u00edan fuera, a mejor precio.&nbsp;<\/p>\n\n\n\n<p>La autosuficiencia como objetivo representaba, seg\u00fan sus dichos, un enorme costo de oportunidad. M\u00e9xico ser\u00eda m\u00e1s rico y m\u00e1s pr\u00f3spero si aprovechaba sus ventajas comparativas, vend\u00eda caras manufacturas y compraba baratos los alimentos.&nbsp;<\/p>\n\n\n\n<p>Quienes defendimos desde la izquierda la idea de seguridad alimentaria argumentamos que una situaci\u00f3n de emergencia pondr\u00eda en problemas al pa\u00eds e incrementar\u00eda la pobreza alimentaria.&nbsp;<\/p>\n\n\n\n<p>Los neoliberales nos replicaron que la situaci\u00f3n de interdependencia del mundo sostendr\u00eda las cadenas comerciales incluso en un escenario as\u00ed. Con esos argumentos, caminamos a una mayor dependencia alimentaria que hoy tiene en jaque a buena parte del mundo \u2014y as\u00ed nos afecta m\u00e1s intensamente la crisis internacional en los precios.&nbsp;<\/p>\n\n\n\n<p>En 2018 triunf\u00f3 la opci\u00f3n pol\u00edtica que promov\u00eda la autosuficiencia como una necesidad. En enero de 2019 se fund\u00f3 el organismo Seguridad Alimentaria Mexicana para favorecer la producci\u00f3n de alimentos b\u00e1sicos.&nbsp;<\/p>\n\n\n\n<p>Aunque diversos estudios hab\u00edan mostrado pocos resultados de la pol\u00edtica de precios de garant\u00eda (comparada, por ejemplo, con Procampo) se apost\u00f3 por ella decididamente, al menos en t\u00e9rminos discursivos y presupuestales.&nbsp;<\/p>\n\n\n\n<p>En un mal escenario, dec\u00edan los cr\u00edticos, este programa solo fomentar\u00eda el atraso productivo y aumentar\u00eda la producci\u00f3n de granos b\u00e1sicos en una cantidad menor a la necesaria. La verdad es que no sucedi\u00f3 ni siquiera eso.&nbsp;<\/p>\n\n\n\n<p>Se gast\u00f3 mal (los gastos operativos representaron un tercio del gasto en subsidios), hubo descontrol de la entrada y salida de granos en los centros de acopio&nbsp;y, en resumen, una monumental corrupci\u00f3n que signific\u00f3 no solo un gran da\u00f1o al erario, sino una eficacia nula de la pol\u00edtica en cuesti\u00f3n.&nbsp;<\/p>\n\n\n\n<p>Hoy seguimos siendo igual o m\u00e1s dependientes que antes de iniciado el sexenio; somos uno de los principales importadores de ma\u00edz en el mundo y mayoritariamente dependientes en arroz y trigo harinable, por mencionar algunos de los casos de mayor importancia.&nbsp;<\/p>\n\n\n\n<p>Un prop\u00f3sito nacional loable qued\u00f3 sepultado en una corrupci\u00f3n manejada discretamente incluso por los adversarios del gobierno. En voz bajita, la transformaci\u00f3n voltea la mirada y sigue proclam\u00e1ndose victoriosa. La meta luce m\u00e1s lejana que antes.&nbsp;<\/p>\n\n\n\n<p>*Doctor en ciencia pol\u00edtica por la UNAM.<\/p>\n\n\n\n<p>@gibranrr&nbsp;<\/p>\n","protected":false},"excerpt":{"rendered":"<p>Gibr\u00e1n Ram\u00edrez Reyes* En la calle, en el espacio p\u00fablico y en las encuestas, la&hellip;<\/p>\n","protected":false},"author":2,"featured_media":41734,"comment_status":"closed","ping_status":"open","sticky":false,"template":"","format":"standard","meta":{"_lmt_disableupdate":"","_lmt_disable":"","_jetpack_memberships_contains_paid_content":false,"footnotes":""},"categories":[456,109],"tags":[2489],"class_list":["post-44719","post","type-post","status-publish","format-standard","has-post-thumbnail","hentry","category-columna","category-minuto-a-minuto","tag-gibran-ramirez-reyes"],"jetpack_featured_media_url":"https:\/\/zonaroja.com.mx\/wp-content\/uploads\/2022\/05\/Opinion-Gibran-Ramirez-Reyes.jpg","jetpack_sharing_enabled":true,"_links":{"self":[{"href":"https:\/\/zonaroja.com.mx\/index.php?rest_route=\/wp\/v2\/posts\/44719","targetHints":{"allow":["GET"]}}],"collection":[{"href":"https:\/\/zonaroja.com.mx\/index.php?rest_route=\/wp\/v2\/posts"}],"about":[{"href":"https:\/\/zonaroja.com.mx\/index.php?rest_route=\/wp\/v2\/types\/post"}],"author":[{"embeddable":true,"href":"https:\/\/zonaroja.com.mx\/index.php?rest_route=\/wp\/v2\/users\/2"}],"replies":[{"embeddable":true,"href":"https:\/\/zonaroja.com.mx\/index.php?rest_route=%2Fwp%2Fv2%2Fcomments&post=44719"}],"version-history":[{"count":2,"href":"https:\/\/zonaroja.com.mx\/index.php?rest_route=\/wp\/v2\/posts\/44719\/revisions"}],"predecessor-version":[{"id":44721,"href":"https:\/\/zonaroja.com.mx\/index.php?rest_route=\/wp\/v2\/posts\/44719\/revisions\/44721"}],"wp:featuredmedia":[{"embeddable":true,"href":"https:\/\/zonaroja.com.mx\/index.php?rest_route=\/wp\/v2\/media\/41734"}],"wp:attachment":[{"href":"https:\/\/zonaroja.com.mx\/index.php?rest_route=%2Fwp%2Fv2%2Fmedia&parent=44719"}],"wp:term":[{"taxonomy":"category","embeddable":true,"href":"https:\/\/zonaroja.com.mx\/index.php?rest_route=%2Fwp%2Fv2%2Fcategories&post=44719"},{"taxonomy":"post_tag","embeddable":true,"href":"https:\/\/zonaroja.com.mx\/index.php?rest_route=%2Fwp%2Fv2%2Ftags&post=44719"}],"curies":[{"name":"wp","href":"https:\/\/api.w.org\/{rel}","templated":true}]}}