{"id":44722,"date":"2022-08-17T07:48:14","date_gmt":"2022-08-17T12:48:14","guid":{"rendered":"http:\/\/www.zonaroja.com.mx\/?p=44722"},"modified":"2022-08-17T07:48:16","modified_gmt":"2022-08-17T12:48:16","slug":"vincula-a-proceso-a-presuntos-asesinos-de-empresario-adalberto-castillo","status":"publish","type":"post","link":"https:\/\/zonaroja.com.mx\/?p=44722","title":{"rendered":"Vincula a proceso a presuntos asesinos de empresario Adalberto Castillo"},"content":{"rendered":"\n<p>Redacci\u00f3n\/Zona Roja.<\/p>\n\n\n\n<p>Oaxaca de Ju\u00e1rez, Oax., a 17 de agosto de 2022.- Tras las pruebas presentadas por el Ministerio P\u00fablico de la Fiscal\u00eda General del Estado de Oaxaca, un juez del Poder Judicial vincul\u00f3 a proceso a las dos personas detenidas como probables responsables del secuestro y asesinato del empresario Adalberto Castillo Gonz\u00e1lez.<\/p>\n\n\n\n<p>Se trata de Miguel Jhovanny G. M., presunto sicario de la organizaci\u00f3n de transportistas CATEM y agresor de periodistas, y Wendy Esmeralda N. Z., quienes fueron aprehendidos el pasado 12 de agosto.<\/p>\n\n\n\n<p>Fue el 7 de agosto en que se report\u00f3 la desaparici\u00f3n del empresario y ex presidente de la Canacintra en Oaxaca, Adalberto Castillo y tras indagatorias de la Fiscal\u00eda, el cuerpo fue hallado semienterrado la tarde-noche del 9 de agosto en jurisdicci\u00f3n de Ocotl\u00e1n de Morelos.<\/p>\n\n\n\n<p>Seg\u00fan las primeras indagatorias, bajo enga\u00f1os, Wendy Esmeralda habr\u00eda sacado al empresario de su domicilio en San Felipe del Agua para llev\u00e1rselo con rumbo a Ocotl\u00e1n, donde fue entregado a un grupo de secuestradores, que pidi\u00f3 rescate a los familiares.<\/p>\n\n\n\n<p>Sin embargo, al oponer resistencia la v\u00edctima fue golpeado en la cabeza por lo cual perdi\u00f3 la vida; tras ello, el cuerpo fue semienterrado en un paraje cercano al entronque carretero de Ocotl\u00e1n, mientras que su camioneta fue localizada en Miahuatl\u00e1n de Porfirio D\u00edaz.<\/p>\n\n\n\n<p>Miguel Jhovanny G. M. es conocido como \u201cEl Centavo\u201d y es se\u00f1alado de ser sicario de la Confederaci\u00f3n Aut\u00f3noma de Trabajadores y Empleados de M\u00e9xico (CATEM), que a nivel nacional lidera Pedro Haces Barba y en la entidad, Jaime Paz.<\/p>\n\n\n\n<p>Fue se\u00f1alado tambi\u00e9n de encabezar una agresi\u00f3n en contra de periodistas durante una protesta en la ciudad de Oaxaca, el 19 de febrero de 2022; est\u00e1 adem\u00e1s relacionado con varios cr\u00edmenes y con invasi\u00f3n y despojo de tierras en Santa Cruz Xoxocotl\u00e1n.<\/p>\n\n\n\n<p>El juez de la causa dio un plazo de cuatro meses para el cierre de la investigaci\u00f3n.<\/p>\n","protected":false},"excerpt":{"rendered":"<p>Redacci\u00f3n\/Zona Roja. Oaxaca de Ju\u00e1rez, Oax., a 17 de agosto de 2022.- Tras las pruebas&hellip;<\/p>\n","protected":false},"author":2,"featured_media":44723,"comment_status":"closed","ping_status":"open","sticky":false,"template":"","format":"standard","meta":{"_lmt_disableupdate":"","_lmt_disable":"","_jetpack_memberships_contains_paid_content":false,"footnotes":""},"categories":[109,46],"tags":[3224,494],"class_list":["post-44722","post","type-post","status-publish","format-standard","has-post-thumbnail","hentry","category-minuto-a-minuto","category-zona-blanca","tag-adalberto-castillo-gonzalez","tag-fiscalia-general-del-estado-de-oaxaca"],"jetpack_featured_media_url":"https:\/\/zonaroja.com.mx\/wp-content\/uploads\/2022\/08\/Detenidos-caso-empresario-Adalberto-Castillo-Gonzalez.jpg","jetpack_sharing_enabled":true,"_links":{"self":[{"href":"https:\/\/zonaroja.com.mx\/index.php?rest_route=\/wp\/v2\/posts\/44722","targetHints":{"allow":["GET"]}}],"collection":[{"href":"https:\/\/zonaroja.com.mx\/index.php?rest_route=\/wp\/v2\/posts"}],"about":[{"href":"https:\/\/zonaroja.com.mx\/index.php?rest_route=\/wp\/v2\/types\/post"}],"author":[{"embeddable":true,"href":"https:\/\/zonaroja.com.mx\/index.php?rest_route=\/wp\/v2\/users\/2"}],"replies":[{"embeddable":true,"href":"https:\/\/zonaroja.com.mx\/index.php?rest_route=%2Fwp%2Fv2%2Fcomments&post=44722"}],"version-history":[{"count":1,"href":"https:\/\/zonaroja.com.mx\/index.php?rest_route=\/wp\/v2\/posts\/44722\/revisions"}],"predecessor-version":[{"id":44724,"href":"https:\/\/zonaroja.com.mx\/index.php?rest_route=\/wp\/v2\/posts\/44722\/revisions\/44724"}],"wp:featuredmedia":[{"embeddable":true,"href":"https:\/\/zonaroja.com.mx\/index.php?rest_route=\/wp\/v2\/media\/44723"}],"wp:attachment":[{"href":"https:\/\/zonaroja.com.mx\/index.php?rest_route=%2Fwp%2Fv2%2Fmedia&parent=44722"}],"wp:term":[{"taxonomy":"category","embeddable":true,"href":"https:\/\/zonaroja.com.mx\/index.php?rest_route=%2Fwp%2Fv2%2Fcategories&post=44722"},{"taxonomy":"post_tag","embeddable":true,"href":"https:\/\/zonaroja.com.mx\/index.php?rest_route=%2Fwp%2Fv2%2Ftags&post=44722"}],"curies":[{"name":"wp","href":"https:\/\/api.w.org\/{rel}","templated":true}]}}