{"id":44727,"date":"2022-08-17T09:57:00","date_gmt":"2022-08-17T14:57:00","guid":{"rendered":"http:\/\/www.zonaroja.com.mx\/?p=44727"},"modified":"2022-08-17T08:12:39","modified_gmt":"2022-08-17T13:12:39","slug":"pide-campeche-desafuero-de-alito-moreno-salen-mas-audios","status":"publish","type":"post","link":"https:\/\/zonaroja.com.mx\/?p=44727","title":{"rendered":"Pide Campeche desafuero de \u201cAlito\u201d Moreno; salen m\u00e1s audios"},"content":{"rendered":"\n<p>Redacci\u00f3n\/Zona Roja Cdmx.<\/p>\n\n\n\n<p>Ciudad de M\u00e9xico, a 17 de agosto de 2022.- Martes negro para Alejandro Moreno C\u00e1rdenas.<\/p>\n\n\n\n<p>Mientras la gobernadora de Campeche, Layda Sansores, difundi\u00f3 de nuevo audios que exhiben al presidente nacional del PRI, el fiscal de esa entidad pidi\u00f3 a la C\u00e1mara de Diputados federal desaforar a quien se identifica como \u201cAlito\u201d.<\/p>\n\n\n\n<p>Renato Sales acudi\u00f3 ayer a la Ciudad de M\u00e9xico para entregar la petici\u00f3n a los congresistas en contra del ex mandatario de Campeche.<\/p>\n\n\n\n<p>Ello bajo la acusaci\u00f3n de probable enriquecimiento il\u00edcito, pues seg\u00fan investigaciones que han realizado, hay desproporci\u00f3n entre los ingresos como servidor p\u00fablico y los bienes que son de su propiedad.<\/p>\n\n\n\n<p>Ante medios de comunicaci\u00f3n de la capital del pa\u00eds, destac\u00f3 ayer el caso de la mansi\u00f3n en Lomas del Castillo, cuyo valor asciende a 130 millones de pesos, as\u00ed como las obras de arte, que suman 50 millones de pesos.&nbsp;<\/p>\n\n\n\n<p>REFUTA \u201cALITO\u201d<\/p>\n\n\n\n<p>En respuesta a ello, el dirigente nacional del PRI,&nbsp;&nbsp;Alejandro Moreno,&nbsp;acus\u00f3 persecuci\u00f3n pol\u00edtica y advirti\u00f3 a los legisladores de Morena que no lo van doblegar ni asustar.&nbsp;<\/p>\n\n\n\n<p>\u201cAqu\u00ed estoy y aqu\u00ed seguir\u00e9. No van a doblarme. No me van a asustar, ni van a conseguir que el PRI apruebe las reformas que pretenden destruir a M\u00e9xico\u201d, dijo en un mensaje.&nbsp;<\/p>\n\n\n\n<p>El dirigente nacional del PRI acus\u00f3 que, una vez m\u00e1s, \u00abel gobierno de Morena demuestra la manera ilegal, selectiva y autoritaria en la que utilizan las instituciones del Estado para perseguir e intimidar a sus opositores\u00bb.&nbsp;<\/p>\n\n\n\n<p>M\u00c1S AUDIOS<\/p>\n\n\n\n<p>Mientras tanto, anoche en Campeche, y a trav\u00e9s de sus redes sociales personales, la gobernadora Layda Sansores difundi\u00f3 un en\u00e9simo audio, en el que se escucha a \u201cAlito\u201d pactar con directivos de Radio F\u00f3rmula, entrevistas \u201ca modo\u201d con los candidatos pri\u00edstas.<\/p>\n\n\n\n<p>\u2013Estoy aqu\u00ed con mi amigo, t\u00fa dime las preguntas que quieres que te hagan y yo las cuelo \u00bfme entiendes? \u2013se escucha decir al directivo de la cadena radiof\u00f3nica, quien tambi\u00e9n le da a escoger entre qui\u00e9n de los conductores desea que le haga la entrevista.<\/p>\n\n\n\n<p>(Con informaci\u00f3n de \u00abMilenio\u00bb y \u00abLa Jornada\u00bb)<\/p>\n","protected":false},"excerpt":{"rendered":"<p>Redacci\u00f3n\/Zona Roja Cdmx. Ciudad de M\u00e9xico, a 17 de agosto de 2022.- Martes negro para&hellip;<\/p>\n","protected":false},"author":2,"featured_media":44728,"comment_status":"closed","ping_status":"open","sticky":false,"template":"","format":"standard","meta":{"_lmt_disableupdate":"","_lmt_disable":"","_jetpack_memberships_contains_paid_content":false,"footnotes":""},"categories":[109,46],"tags":[314],"class_list":["post-44727","post","type-post","status-publish","format-standard","has-post-thumbnail","hentry","category-minuto-a-minuto","category-zona-blanca","tag-alejandro-moreno-cardenas"],"jetpack_featured_media_url":"https:\/\/zonaroja.com.mx\/wp-content\/uploads\/2022\/08\/Alejandro-Moreno-Renato-Sales.jpeg","jetpack_sharing_enabled":true,"_links":{"self":[{"href":"https:\/\/zonaroja.com.mx\/index.php?rest_route=\/wp\/v2\/posts\/44727","targetHints":{"allow":["GET"]}}],"collection":[{"href":"https:\/\/zonaroja.com.mx\/index.php?rest_route=\/wp\/v2\/posts"}],"about":[{"href":"https:\/\/zonaroja.com.mx\/index.php?rest_route=\/wp\/v2\/types\/post"}],"author":[{"embeddable":true,"href":"https:\/\/zonaroja.com.mx\/index.php?rest_route=\/wp\/v2\/users\/2"}],"replies":[{"embeddable":true,"href":"https:\/\/zonaroja.com.mx\/index.php?rest_route=%2Fwp%2Fv2%2Fcomments&post=44727"}],"version-history":[{"count":1,"href":"https:\/\/zonaroja.com.mx\/index.php?rest_route=\/wp\/v2\/posts\/44727\/revisions"}],"predecessor-version":[{"id":44729,"href":"https:\/\/zonaroja.com.mx\/index.php?rest_route=\/wp\/v2\/posts\/44727\/revisions\/44729"}],"wp:featuredmedia":[{"embeddable":true,"href":"https:\/\/zonaroja.com.mx\/index.php?rest_route=\/wp\/v2\/media\/44728"}],"wp:attachment":[{"href":"https:\/\/zonaroja.com.mx\/index.php?rest_route=%2Fwp%2Fv2%2Fmedia&parent=44727"}],"wp:term":[{"taxonomy":"category","embeddable":true,"href":"https:\/\/zonaroja.com.mx\/index.php?rest_route=%2Fwp%2Fv2%2Fcategories&post=44727"},{"taxonomy":"post_tag","embeddable":true,"href":"https:\/\/zonaroja.com.mx\/index.php?rest_route=%2Fwp%2Fv2%2Ftags&post=44727"}],"curies":[{"name":"wp","href":"https:\/\/api.w.org\/{rel}","templated":true}]}}