{"id":4473,"date":"2019-10-01T22:20:24","date_gmt":"2019-10-02T03:20:24","guid":{"rendered":"http:\/\/www.zonaroja.com.mx\/?p=4473"},"modified":"2019-10-01T22:51:00","modified_gmt":"2019-10-02T03:51:00","slug":"en-dia-de-visita-de-amlo-a-oaxaca-seis-personas-asesinadas","status":"publish","type":"post","link":"https:\/\/zonaroja.com.mx\/?p=4473","title":{"rendered":"En d\u00eda de visita de AMLO a Oaxaca, seis personas asesinadas"},"content":{"rendered":"\n<p>Redacci\u00f3n\/Zona\nRoja.<\/p>\n\n\n\n<p>Oaxaca de\nJu\u00e1rez, Oax., 1 de octubre de 2019.- Como ha ocurrido de manera coincidente cada\nvez que el Presidente de M\u00e9xico Andr\u00e9s Manuel L\u00f3pez Obrador visita Oaxaca, este\nmartes se registraron en la entidad al menos seis homicidios.<\/p>\n\n\n\n<p>Dos personas\nfueron ejecutadas en San Juan Bautista Tuxtepec; dos en un presunto\nenfrentamiento en la regi\u00f3n Ca\u00f1ada, un individuo ultimado en Juchit\u00e1n y un\ncuerpo mutilado fue hallado en la capital.<\/p>\n\n\n\n<p>Esta tarde,\nen la colindancia de Huautla de Jim\u00e9nez con San Jos\u00e9 Tenango, en la regi\u00f3n\nCa\u00f1ada, se suscit\u00f3 un enfrentamiento armado, con el saldo de dos personas\nfallecidas y dos m\u00e1s lesionadas; hasta el momento no han sido identificadas las\nv\u00edctimas.<\/p>\n\n\n\n<p>En Juchit\u00e1n\nde Zaragoza, una persona fue ultimada a balazos sobre la calle 2 de Octube de\nla Cuarta Secci\u00f3n; fue identificado como Jes\u00fas de Nazareth V. L., de\naproximadamente 30 a\u00f1os de edad, y se desconoce el m\u00f3vil de la agresi\u00f3n.<\/p>\n\n\n\n<p>Mientras que\nen la ciudad de Tuxtepec, ocurrieron dos cr\u00edmenes, el primero de ellos\naproximadamente a las 15:00 horas, en la avenida Mancilla de la colonia Ex\nNormal.<\/p>\n\n\n\n<p>La v\u00edctima\na\u00fan no ha sido identificada.<\/p>\n\n\n\n<p>Una hora despu\u00e9s, en la calle Topacio del fraccionamiento El Dorado, fue ultimado a balazos otro individuo, cuando se trasladaba a bordo de su motocicleta.<\/p>\n\n\n\n<p>Al mediod\u00eda, en las riberas del r\u00edo \u201cAtoyac\u201d, en la colindancia de Oaxaca de Ju\u00e1rez con San Jacinto Amilpas, fue hallado el cuerpo de un individuo mutilado de sus extremidades; a\u00fan no ha sido identificado de manera legal. <\/p>\n\n\n\n<p>En todos los\ncasos, las autoridades policiacas y de procuraci\u00f3n de justicia no reportaron\npersonas detenidas.<\/p>\n","protected":false},"excerpt":{"rendered":"<p>Redacci\u00f3n\/Zona Roja. Oaxaca de Ju\u00e1rez, Oax., 1 de octubre de 2019.- Como ha ocurrido de&hellip;<\/p>\n","protected":false},"author":2,"featured_media":4474,"comment_status":"closed","ping_status":"open","sticky":false,"template":"","format":"standard","meta":{"_lmt_disableupdate":"","_lmt_disable":"","_jetpack_memberships_contains_paid_content":false,"footnotes":""},"categories":[109,51],"tags":[],"class_list":["post-4473","post","type-post","status-publish","format-standard","has-post-thumbnail","hentry","category-minuto-a-minuto","category-zona-roja"],"jetpack_featured_media_url":"https:\/\/zonaroja.com.mx\/wp-content\/uploads\/2019\/10\/Image-1-22.png","jetpack_sharing_enabled":true,"_links":{"self":[{"href":"https:\/\/zonaroja.com.mx\/index.php?rest_route=\/wp\/v2\/posts\/4473","targetHints":{"allow":["GET"]}}],"collection":[{"href":"https:\/\/zonaroja.com.mx\/index.php?rest_route=\/wp\/v2\/posts"}],"about":[{"href":"https:\/\/zonaroja.com.mx\/index.php?rest_route=\/wp\/v2\/types\/post"}],"author":[{"embeddable":true,"href":"https:\/\/zonaroja.com.mx\/index.php?rest_route=\/wp\/v2\/users\/2"}],"replies":[{"embeddable":true,"href":"https:\/\/zonaroja.com.mx\/index.php?rest_route=%2Fwp%2Fv2%2Fcomments&post=4473"}],"version-history":[{"count":2,"href":"https:\/\/zonaroja.com.mx\/index.php?rest_route=\/wp\/v2\/posts\/4473\/revisions"}],"predecessor-version":[{"id":4476,"href":"https:\/\/zonaroja.com.mx\/index.php?rest_route=\/wp\/v2\/posts\/4473\/revisions\/4476"}],"wp:featuredmedia":[{"embeddable":true,"href":"https:\/\/zonaroja.com.mx\/index.php?rest_route=\/wp\/v2\/media\/4474"}],"wp:attachment":[{"href":"https:\/\/zonaroja.com.mx\/index.php?rest_route=%2Fwp%2Fv2%2Fmedia&parent=4473"}],"wp:term":[{"taxonomy":"category","embeddable":true,"href":"https:\/\/zonaroja.com.mx\/index.php?rest_route=%2Fwp%2Fv2%2Fcategories&post=4473"},{"taxonomy":"post_tag","embeddable":true,"href":"https:\/\/zonaroja.com.mx\/index.php?rest_route=%2Fwp%2Fv2%2Ftags&post=4473"}],"curies":[{"name":"wp","href":"https:\/\/api.w.org\/{rel}","templated":true}]}}