{"id":44730,"date":"2022-08-17T08:25:57","date_gmt":"2022-08-17T13:25:57","guid":{"rendered":"http:\/\/www.zonaroja.com.mx\/?p=44730"},"modified":"2022-08-17T08:25:59","modified_gmt":"2022-08-17T13:25:59","slug":"rechaza-sindica-nancy-mota-senalamientos-de-corrupcion","status":"publish","type":"post","link":"https:\/\/zonaroja.com.mx\/?p=44730","title":{"rendered":"Rechaza s\u00edndica Nancy Mota se\u00f1alamientos de corrupci\u00f3n"},"content":{"rendered":"\n<p>Redacci\u00f3n\/Zona Roja.<\/p>\n\n\n\n<p>Oaxaca de Ju\u00e1rez, Oax., a 17 de agosto de 2022.- La s\u00edndica primera de Oaxaca de Ju\u00e1rez, Nancy Mota Figueroa, rechaz\u00f3 se\u00f1alamientos de corrupci\u00f3n en su contra y se dijo dispuesta a cualquier tipo de investigaci\u00f3n.<\/p>\n\n\n\n<p>Tras las denuncias en redes sociales ayer, como en fechas anteriores, dijo que no hay ning\u00fan sustento para asegurar que recibe \u201cmoches\u201d por su labor en el ayuntamiento capitalino.<\/p>\n\n\n\n<p>En el caso de una ciudadana separada de su cargo del DIF municipal, en abril pasado, \u201cyo no soy&nbsp;responsable, ya&nbsp;que dentro de mis funciones no&nbsp;est\u00e1&nbsp;contratar&nbsp;al personal o destituirlo&nbsp;de dicha dependencia.&nbsp;<\/p>\n\n\n\n<p>\u201cAl tener conocimiento que la&nbsp;informaci\u00f3n que&nbsp;se difund\u00eda&nbsp;en redes&nbsp;sociales&nbsp;afectaba a mi persona y al cargo que el pueblo me encomend\u00f3,&nbsp;me puse a disposici\u00f3n de la Contralor\u00eda para que investigara el caso, entreg\u00e1ndome&nbsp;la resoluci\u00f3n&nbsp;siguiente con fecha 27&nbsp;de mayo de 2022&nbsp;mediante el&nbsp;oficio OICM\/DQDISP\/286\/2022, en donde se afirma:&nbsp;<\/p>\n\n\n\n<p>\u201c\u2018Que al no contar con elementos suficientes que acrediten los hechos denunciados mediante redes sociales, as\u00ed como tambi\u00e9n la responsabilidad de las servidoras p\u00fablicas Nancy Belem Mota&nbsp;Figueroa y Patricia Jim\u00e9nez, resulta procedente declarar el archivo del expediente OICM\/DQDISP\/DQDI\/019\/2022, como concluido en t\u00e9rminos de lo establecido en el \u00faltimo p\u00e1rrafo del art\u00edculo 100 de la Ley General de Responsabilidades&nbsp;Administrativas\u2019\u201d.<\/p>\n\n\n\n<p>De nueva cuenta, anteayer surgi\u00f3 dicha informaci\u00f3n en redes sociales y en que adem\u00e1s se dice que el contralor Francisco Carrera Sedano&nbsp;afirma haber remitido las quejas a otras instancias.&nbsp;<\/p>\n\n\n\n<p>\u201cSoy una mujer&nbsp;honesta y probada, que hasta el d\u00eda de hoy no tengo ninguna Carpeta de Investigaci\u00f3n&nbsp;abierta en mi contra en el Poder Judicial, tanto estatal como&nbsp;federal. Me&nbsp;parece que no es \u00e9tico, ni moralmente aceptable, que una persona insista en sus calumnias y difamaciones para permanecer en un empleo, amenos que est\u00e9&nbsp;siendo asesorada por personas sin escr\u00fapulos, cuyo inter\u00e9s sea da\u00f1ar mi imagen para ocupar mi cargo\u201d, expuso en un manifiesto.&nbsp;<\/p>\n\n\n\n<p>\u201cMe queda claro&nbsp;que este&nbsp;es un asunto de violencia pol\u00edtica por raz\u00f3n de g\u00e9nero.&nbsp;Soy una&nbsp;mujer&nbsp;con&nbsp;una trayectoria en la lucha social, siempre&nbsp;acompa\u00f1ando las necesidades de la gente, que como yo hemos resistido a este sistema capitalista y patriarcal, sobre todo, apoyando a las&nbsp;mujeres\u201d, remarc\u00f3 Nancy Mota.&nbsp;<\/p>\n\n\n\n<p>En su comunicado, detall\u00f3 que ante las calumnias y difamaciones, demandar\u00e1 por da\u00f1o&nbsp;moral y&nbsp;solicitar\u00e9 la reparaci\u00f3n del da\u00f1o a quien&nbsp;o quienes resulten responsables.<\/p>\n\n\n\n<p>\u201cA quienes pretenden da\u00f1arme les digo que su violencia hacia mi persona no me detendr\u00e1, que desde este espacio&nbsp;p\u00fablico&nbsp;seguir\u00e9 exigiendo transparencia y rendici\u00f3n de cuentas en el manejo de los recursos; porque el dinero es del pueblo\u201d, remarc\u00f3.<\/p>\n","protected":false},"excerpt":{"rendered":"<p>Redacci\u00f3n\/Zona Roja. Oaxaca de Ju\u00e1rez, Oax., a 17 de agosto de 2022.- La s\u00edndica primera&hellip;<\/p>\n","protected":false},"author":2,"featured_media":44731,"comment_status":"closed","ping_status":"open","sticky":false,"template":"","format":"standard","meta":{"_lmt_disableupdate":"","_lmt_disable":"","_jetpack_memberships_contains_paid_content":false,"footnotes":""},"categories":[109,46],"tags":[3228],"class_list":["post-44730","post","type-post","status-publish","format-standard","has-post-thumbnail","hentry","category-minuto-a-minuto","category-zona-blanca","tag-nancy-mota-figueroa"],"jetpack_featured_media_url":"https:\/\/zonaroja.com.mx\/wp-content\/uploads\/2022\/08\/Nancy-Mota-Fifgueroa.jpg","jetpack_sharing_enabled":true,"_links":{"self":[{"href":"https:\/\/zonaroja.com.mx\/index.php?rest_route=\/wp\/v2\/posts\/44730","targetHints":{"allow":["GET"]}}],"collection":[{"href":"https:\/\/zonaroja.com.mx\/index.php?rest_route=\/wp\/v2\/posts"}],"about":[{"href":"https:\/\/zonaroja.com.mx\/index.php?rest_route=\/wp\/v2\/types\/post"}],"author":[{"embeddable":true,"href":"https:\/\/zonaroja.com.mx\/index.php?rest_route=\/wp\/v2\/users\/2"}],"replies":[{"embeddable":true,"href":"https:\/\/zonaroja.com.mx\/index.php?rest_route=%2Fwp%2Fv2%2Fcomments&post=44730"}],"version-history":[{"count":1,"href":"https:\/\/zonaroja.com.mx\/index.php?rest_route=\/wp\/v2\/posts\/44730\/revisions"}],"predecessor-version":[{"id":44732,"href":"https:\/\/zonaroja.com.mx\/index.php?rest_route=\/wp\/v2\/posts\/44730\/revisions\/44732"}],"wp:featuredmedia":[{"embeddable":true,"href":"https:\/\/zonaroja.com.mx\/index.php?rest_route=\/wp\/v2\/media\/44731"}],"wp:attachment":[{"href":"https:\/\/zonaroja.com.mx\/index.php?rest_route=%2Fwp%2Fv2%2Fmedia&parent=44730"}],"wp:term":[{"taxonomy":"category","embeddable":true,"href":"https:\/\/zonaroja.com.mx\/index.php?rest_route=%2Fwp%2Fv2%2Fcategories&post=44730"},{"taxonomy":"post_tag","embeddable":true,"href":"https:\/\/zonaroja.com.mx\/index.php?rest_route=%2Fwp%2Fv2%2Ftags&post=44730"}],"curies":[{"name":"wp","href":"https:\/\/api.w.org\/{rel}","templated":true}]}}