{"id":44736,"date":"2022-08-17T14:02:26","date_gmt":"2022-08-17T19:02:26","guid":{"rendered":"https:\/\/www.zonaroja.com.mx\/?p=44736"},"modified":"2022-08-17T14:02:32","modified_gmt":"2022-08-17T19:02:32","slug":"localizan-a-dos-adolescentes-en-tuxtepec-repartian-invitaciones-para-sus-xv-anos","status":"publish","type":"post","link":"https:\/\/zonaroja.com.mx\/?p=44736","title":{"rendered":"Localizan a dos adolescentes en Tuxtepec; repart\u00edan invitaciones para sus XV a\u00f1os"},"content":{"rendered":"\n<p>Redacci\u00f3n\/Zona Roja.&nbsp;<\/p>\n\n\n\n<p>Oaxaca&nbsp;de Ju\u00e1rez, Oax., 17 de agosto de 2022.-&nbsp;Dos menores de edad desaparecidas desde el pasado domingo en San Juan Bautista Tuxtepec, fueron localizadas anoche con vida.&nbsp;<\/p>\n\n\n\n<p>Betzua D. B.; de 13 a\u00f1os de edad, acompa\u00f1aba en una moto a su amiga Georgina Yamilet V. V., de 15 a\u00f1os, a repartir invitaciones para la fiesta de XV a\u00f1os de esta \u00faltima, programada para hoy. <\/p>\n\n\n\n<p>No obstante, presuntamente el novio de una de ellas las plagi\u00f3, por lo cual los familiares pidieron la ayuda de la&nbsp;Fiscal\u00eda General del Estado de Oaxaca (FGEO),&nbsp;<\/p>\n\n\n\n<p>Este d\u00eda la instituci\u00f3n inform\u00f3 en un comunicado que dio con el paradero de dos adolescente del sexo femenino, quienes fueron reportadas como No Localizadas desde el pasado 14 de agosto de este a\u00f1o.<\/p>\n\n\n\n<p>Indic\u00f3 que ante este hecho, la Unidad de B\u00fasqueda de Personas No Localizadas (DNOL) de la Vicefiscal\u00eda General de Atenci\u00f3n a V\u00edctimas y a la Sociedad atrajo el caso, iniciando las investigaciones y labores de inteligencia correspondientes para dar con el paradero de las adolescentes.<\/p>\n\n\n\n<p>Por ello, mediante los operativos de b\u00fasqueda realizados en la zona, las adolescentes de 15 y 13 a\u00f1os de edad, respectivamente, fueron localizadas la noche del 16 de agosto en inmediaciones de la carretera federal Tuxtepec-Palomares.<\/p>\n\n\n\n<p>Tras lo cual y como parte del protocolo legal, las adolescentes fueron puestas a disposici\u00f3n de la DNOL, donde ambas v\u00edctimas realizar\u00e1n su declaraci\u00f3n, adem\u00e1s de que la instituci\u00f3n de procuraci\u00f3n de justicia les brindar\u00e1 atenci\u00f3n multidisciplinaria y se les otorgar\u00e1n servicios subsecuentes, atenci\u00f3n integral que les permita volver con sus respectivas familias. <\/p>\n","protected":false},"excerpt":{"rendered":"<p>Redacci\u00f3n\/Zona Roja.&nbsp; Oaxaca&nbsp;de Ju\u00e1rez, Oax., 17 de agosto de 2022.-&nbsp;Dos menores de edad desaparecidas desde&hellip;<\/p>\n","protected":false},"author":2,"featured_media":44735,"comment_status":"closed","ping_status":"open","sticky":false,"template":"","format":"standard","meta":{"_lmt_disableupdate":"","_lmt_disable":"","_jetpack_memberships_contains_paid_content":false,"footnotes":""},"categories":[109,46],"tags":[],"class_list":["post-44736","post","type-post","status-publish","format-standard","has-post-thumbnail","hentry","category-minuto-a-minuto","category-zona-blanca"],"jetpack_featured_media_url":"https:\/\/zonaroja.com.mx\/wp-content\/uploads\/2022\/08\/img_2764.jpg","jetpack_sharing_enabled":true,"_links":{"self":[{"href":"https:\/\/zonaroja.com.mx\/index.php?rest_route=\/wp\/v2\/posts\/44736","targetHints":{"allow":["GET"]}}],"collection":[{"href":"https:\/\/zonaroja.com.mx\/index.php?rest_route=\/wp\/v2\/posts"}],"about":[{"href":"https:\/\/zonaroja.com.mx\/index.php?rest_route=\/wp\/v2\/types\/post"}],"author":[{"embeddable":true,"href":"https:\/\/zonaroja.com.mx\/index.php?rest_route=\/wp\/v2\/users\/2"}],"replies":[{"embeddable":true,"href":"https:\/\/zonaroja.com.mx\/index.php?rest_route=%2Fwp%2Fv2%2Fcomments&post=44736"}],"version-history":[{"count":1,"href":"https:\/\/zonaroja.com.mx\/index.php?rest_route=\/wp\/v2\/posts\/44736\/revisions"}],"predecessor-version":[{"id":44737,"href":"https:\/\/zonaroja.com.mx\/index.php?rest_route=\/wp\/v2\/posts\/44736\/revisions\/44737"}],"wp:featuredmedia":[{"embeddable":true,"href":"https:\/\/zonaroja.com.mx\/index.php?rest_route=\/wp\/v2\/media\/44735"}],"wp:attachment":[{"href":"https:\/\/zonaroja.com.mx\/index.php?rest_route=%2Fwp%2Fv2%2Fmedia&parent=44736"}],"wp:term":[{"taxonomy":"category","embeddable":true,"href":"https:\/\/zonaroja.com.mx\/index.php?rest_route=%2Fwp%2Fv2%2Fcategories&post=44736"},{"taxonomy":"post_tag","embeddable":true,"href":"https:\/\/zonaroja.com.mx\/index.php?rest_route=%2Fwp%2Fv2%2Ftags&post=44736"}],"curies":[{"name":"wp","href":"https:\/\/api.w.org\/{rel}","templated":true}]}}