{"id":44738,"date":"2022-08-17T17:17:57","date_gmt":"2022-08-17T22:17:57","guid":{"rendered":"http:\/\/www.zonaroja.com.mx\/?p=44738"},"modified":"2022-08-17T17:17:59","modified_gmt":"2022-08-17T22:17:59","slug":"asciende-a-18-los-menores-fallecidos-por-cancer-en-oaxaca-padres-protestan-por-derechos-a-salud","status":"publish","type":"post","link":"https:\/\/zonaroja.com.mx\/?p=44738","title":{"rendered":"Asciende a 18 los menores fallecidos por c\u00e1ncer en Oaxaca; padres protestan por derechos a salud"},"content":{"rendered":"\n<p>Yuridiana Sosa\/Zona Roja.<\/p>\n\n\n\n<p>Oaxaca de Ju\u00e1rez, Oax., 17 de agosto de 2022.- La falta de tratamientos oncol\u00f3gicos gratuitos en el Hospital de la Ni\u00f1ez Oaxaque\u00f1a, dependiente de los Servicios de Salud de Oaxaca (SSO) ha cobrado la vida de 18 infantes en lo que va enero a la fecha de este a\u00f1o, inform\u00f3 la asociaci\u00f3n civil \u00abCon Causa\u00bb.<\/p>\n\n\n\n<p>Ante esta cruel situaci\u00f3n, padres de familia de menores de la entidad que luchan contra un tipo de c\u00e1ncer, protestaron este d\u00eda en el acceso del nosocomio ubicado en San Bartolo Coyotepec, y administrado por el gobierno estatal, para exigir presupuesto, medicamentos e insumos que garanticen la atenci\u00f3n gratuita de ni\u00f1os, ni\u00f1as y adolescentes.<\/p>\n\n\n\n<p>Desde el 2019, este hospital no cuenta con presupuesto que haga valer el derecho a la salud para los menores, lo que ha representado cuentas por los servicios m\u00e9dicos de hasta 39 mil pesos, haciendo imposible que los padres, en su mayor\u00eda de escasos recursos, cubran ni de forma parcial o total la cuenta, cuando as\u00ed se les solicita.<\/p>\n\n\n\n<p>As\u00ed lo dio a conocer la fundadora de la asociaci\u00f3n \u00abCon Causa\u00bb, Elena Garc\u00eda, quien agreg\u00f3 que mientras los m\u00e9dicos hacen lo posible por brindar la atenci\u00f3n, el sistema de salud en Oaxaca imposibilita que el servicio m\u00e9dico se brinde de forma adecuada.\u00a0<\/p>\n\n\n\n<p>Se\u00f1al\u00f3 que Oaxaca es la entidad con m\u00e1s problemas en el servicio de salud para los ni\u00f1os con c\u00e1ncer, poblaci\u00f3n que actualmente asciende a 400 pacientes infantiles, la mitad requiere de un tratamiento y el resto se encuentra en etapa de vigilancia.&nbsp;<\/p>\n\n\n\n<p>La cifra de los menores fallecidos asciende a 18 en lo que va del a\u00f1o, pero esta podr\u00eda ser mayor debido a que varias familias, provenientes de diferentes localidades alejadas del estado, no regresan al hospital ante lo costoso de los tratamientos y gastos de traslado; anteriormente el Seguro Popular\u00a0cubr\u00eda\u00a0los tratamientos.<\/p>\n\n\n\n<p>Los padres demandaron al gobernador Alejandro Murat que realice las acciones necesarias para dejar en mejores funciones el Hospital de la Ni\u00f1ez antes que termine su sexenio; al gobernador entrante, Salom\u00f3n Jara, exigieron otorgar un mayor presupuesto&nbsp; y garant\u00edas a este hospital, mientras que el presidente de M\u00e9xico, Andr\u00e9s Manuel L\u00f3pez Obrador, demandaron a que cumpla con la entrega de medicamentos para los pacientes oncol\u00f3gicos infantiles.<\/p>\n","protected":false},"excerpt":{"rendered":"<p>Yuridiana Sosa\/Zona Roja. Oaxaca de Ju\u00e1rez, Oax., 17 de agosto de 2022.- La falta de&hellip;<\/p>\n","protected":false},"author":2,"featured_media":44739,"comment_status":"closed","ping_status":"open","sticky":false,"template":"","format":"standard","meta":{"_lmt_disableupdate":"","_lmt_disable":"","_jetpack_memberships_contains_paid_content":false,"footnotes":""},"categories":[109,47],"tags":[318],"class_list":["post-44738","post","type-post","status-publish","format-standard","has-post-thumbnail","hentry","category-minuto-a-minuto","category-zona-gris","tag-hospital-de-la-ninez-oaxaquena"],"jetpack_featured_media_url":"https:\/\/zonaroja.com.mx\/wp-content\/uploads\/2022\/08\/Protesta-Hospital-de-la-Ninez-Oaxaquena-ninos-cancer.jpg","jetpack_sharing_enabled":true,"_links":{"self":[{"href":"https:\/\/zonaroja.com.mx\/index.php?rest_route=\/wp\/v2\/posts\/44738","targetHints":{"allow":["GET"]}}],"collection":[{"href":"https:\/\/zonaroja.com.mx\/index.php?rest_route=\/wp\/v2\/posts"}],"about":[{"href":"https:\/\/zonaroja.com.mx\/index.php?rest_route=\/wp\/v2\/types\/post"}],"author":[{"embeddable":true,"href":"https:\/\/zonaroja.com.mx\/index.php?rest_route=\/wp\/v2\/users\/2"}],"replies":[{"embeddable":true,"href":"https:\/\/zonaroja.com.mx\/index.php?rest_route=%2Fwp%2Fv2%2Fcomments&post=44738"}],"version-history":[{"count":1,"href":"https:\/\/zonaroja.com.mx\/index.php?rest_route=\/wp\/v2\/posts\/44738\/revisions"}],"predecessor-version":[{"id":44740,"href":"https:\/\/zonaroja.com.mx\/index.php?rest_route=\/wp\/v2\/posts\/44738\/revisions\/44740"}],"wp:featuredmedia":[{"embeddable":true,"href":"https:\/\/zonaroja.com.mx\/index.php?rest_route=\/wp\/v2\/media\/44739"}],"wp:attachment":[{"href":"https:\/\/zonaroja.com.mx\/index.php?rest_route=%2Fwp%2Fv2%2Fmedia&parent=44738"}],"wp:term":[{"taxonomy":"category","embeddable":true,"href":"https:\/\/zonaroja.com.mx\/index.php?rest_route=%2Fwp%2Fv2%2Fcategories&post=44738"},{"taxonomy":"post_tag","embeddable":true,"href":"https:\/\/zonaroja.com.mx\/index.php?rest_route=%2Fwp%2Fv2%2Ftags&post=44738"}],"curies":[{"name":"wp","href":"https:\/\/api.w.org\/{rel}","templated":true}]}}