{"id":44743,"date":"2022-08-17T19:57:49","date_gmt":"2022-08-18T00:57:49","guid":{"rendered":"http:\/\/www.zonaroja.com.mx\/?p=44743"},"modified":"2022-08-17T19:57:50","modified_gmt":"2022-08-18T00:57:50","slug":"detienen-en-edomex-a-presunto-feminicida-de-estudiante-en-yolomecatl","status":"publish","type":"post","link":"https:\/\/zonaroja.com.mx\/?p=44743","title":{"rendered":"Detienen en Edomex a presunto feminicida de estudiante en Yolom\u00e9catl"},"content":{"rendered":"\n<p>Redacci\u00f3n\/Zona Roja.<\/p>\n\n\n\n<p>Oaxaca de Ju\u00e1rez, Oax., a 17 de agosto de 2022.- Personal de la Fiscal\u00eda General del Estado de Oaxaca (FGEO) logr\u00f3 la captura en el Estado de M\u00e9xico de un joven como presunto feminicida de una estudiante de enfermer\u00eda en Santiago Yolom\u00e9cat.<\/p>\n\n\n\n<p>Se trata de Francisco Javier O. V., quien el 15 de junio de este a\u00f1o presuntamente asesin\u00f3 a Y\u00e9sica V. V., de 18 a\u00f1os de edad, y abandon\u00f3 el cuerpo en un remolque estacionado en una calle de dicho municipio de la regi\u00f3n Mixteca.<\/p>\n\n\n\n<p>En un comunidad, la Fiscal\u00eda confirm\u00f3 que, &nbsp;de acuerdo con la Carpeta de Investigaci\u00f3n 20935\/FMIX\/TEPOSCOLULA\/2022, la joven estudiante fue abandonada en dicha unidad de motor y cubierta con s\u00e1banas.<\/p>\n\n\n\n<p>Tras el hallazgo, la FGEO tom\u00f3 conocimiento e inici\u00f3 una exhaustiva investigaci\u00f3n a trav\u00e9s de la Vicefiscal\u00eda Regional de la Mixteca, que atrajo el caso.&nbsp;<\/p>\n\n\n\n<p>Luego de realizar los trabajos pertinentes, se logr\u00f3 establecer que el probable responsable radicaba en el municipio de Ecatepec, en el Estado de M\u00e9xico, por lo que luego de ser localizado, se solicit\u00f3 la colaboraci\u00f3n de la Fiscal\u00eda General del Estado de M\u00e9xico, con lo que fue posible ejecutar la orden de aprehensi\u00f3n en su contra.<\/p>\n\n\n\n<p>Despu\u00e9s de la detenci\u00f3n, Francisco Javier ser\u00e1 trasladado a Oaxaca para ser presentado ante las autoridades correspondientes que se encargar\u00e1n de determinar su situaci\u00f3n jur\u00eddica.<\/p>\n\n\n\n<p>La resoluci\u00f3n de delitos por raz\u00f3n de g\u00e9nero, son prioridad para la Fiscal\u00eda de Oaxaca, principalmente cuando se trata de feminicidios, por lo que las investigaciones se realizan de manera expedita y con total apego a la ley, indic\u00f3 la Fiscal\u00eda, a cargo de Arturo Peimbert Calvo.<\/p>\n","protected":false},"excerpt":{"rendered":"<p>Redacci\u00f3n\/Zona Roja. Oaxaca de Ju\u00e1rez, Oax., a 17 de agosto de 2022.- Personal de la&hellip;<\/p>\n","protected":false},"author":2,"featured_media":44744,"comment_status":"closed","ping_status":"open","sticky":false,"template":"","format":"standard","meta":{"_lmt_disableupdate":"","_lmt_disable":"","_jetpack_memberships_contains_paid_content":false,"footnotes":""},"categories":[109,46],"tags":[494,3125],"class_list":["post-44743","post","type-post","status-publish","format-standard","has-post-thumbnail","hentry","category-minuto-a-minuto","category-zona-blanca","tag-fiscalia-general-del-estado-de-oaxaca","tag-santiago-yolomecatl"],"jetpack_featured_media_url":"https:\/\/zonaroja.com.mx\/wp-content\/uploads\/2022\/08\/Detenido-caso-Yolomecatl.jpg","jetpack_sharing_enabled":true,"_links":{"self":[{"href":"https:\/\/zonaroja.com.mx\/index.php?rest_route=\/wp\/v2\/posts\/44743","targetHints":{"allow":["GET"]}}],"collection":[{"href":"https:\/\/zonaroja.com.mx\/index.php?rest_route=\/wp\/v2\/posts"}],"about":[{"href":"https:\/\/zonaroja.com.mx\/index.php?rest_route=\/wp\/v2\/types\/post"}],"author":[{"embeddable":true,"href":"https:\/\/zonaroja.com.mx\/index.php?rest_route=\/wp\/v2\/users\/2"}],"replies":[{"embeddable":true,"href":"https:\/\/zonaroja.com.mx\/index.php?rest_route=%2Fwp%2Fv2%2Fcomments&post=44743"}],"version-history":[{"count":1,"href":"https:\/\/zonaroja.com.mx\/index.php?rest_route=\/wp\/v2\/posts\/44743\/revisions"}],"predecessor-version":[{"id":44745,"href":"https:\/\/zonaroja.com.mx\/index.php?rest_route=\/wp\/v2\/posts\/44743\/revisions\/44745"}],"wp:featuredmedia":[{"embeddable":true,"href":"https:\/\/zonaroja.com.mx\/index.php?rest_route=\/wp\/v2\/media\/44744"}],"wp:attachment":[{"href":"https:\/\/zonaroja.com.mx\/index.php?rest_route=%2Fwp%2Fv2%2Fmedia&parent=44743"}],"wp:term":[{"taxonomy":"category","embeddable":true,"href":"https:\/\/zonaroja.com.mx\/index.php?rest_route=%2Fwp%2Fv2%2Fcategories&post=44743"},{"taxonomy":"post_tag","embeddable":true,"href":"https:\/\/zonaroja.com.mx\/index.php?rest_route=%2Fwp%2Fv2%2Ftags&post=44743"}],"curies":[{"name":"wp","href":"https:\/\/api.w.org\/{rel}","templated":true}]}}