{"id":44748,"date":"2022-08-17T21:16:57","date_gmt":"2022-08-18T02:16:57","guid":{"rendered":"http:\/\/www.zonaroja.com.mx\/?p=44748"},"modified":"2022-08-17T21:16:58","modified_gmt":"2022-08-18T02:16:58","slug":"cede-la-scjn-a-empresas-trasnacionales-y-revoca-ley-antipet-de-oaxaca","status":"publish","type":"post","link":"https:\/\/zonaroja.com.mx\/?p=44748","title":{"rendered":"Cede la SCJN a empresas trasnacionales y revoca ley antipet de Oaxaca"},"content":{"rendered":"\n<p>Yuridiana Sosa\/Redacci\u00f3n\/Zona Roja.<\/p>\n\n\n\n<p>Oaxaca de Ju\u00e1rez, Oax., a 17 de agosto de 2022.- La Suprema Corte de Justicia de la Naci\u00f3n (SCJN) declar\u00f3 hoy inconstitucional reformas a la ley que hizo el Congreso del Estado para prohibir el PET de un solo uso y utensilios de unicel, tras amparos de las trasnacionales Coca-cola Femsa y Propimex.<\/p>\n\n\n\n<p>La determinaci\u00f3n fue calificada por parte del diputado local Horacio Sosa Villavicencio -promotor de las reformas- como una desgracia para la humanidad, \u201cmiop\u00eda\u201d de los ministros y cesi\u00f3n hacia los corporativos internacionales que, una vez m\u00e1s, se imponen a leyes mexicanas.<\/p>\n\n\n\n<p>Este mi\u00e9rcoles, la Segunda Sala de la SCJN declar\u00f3 la inconstitucionalidad de las fracciones XI (prohibici\u00f3n de botellas de PET) y XII (prohibici\u00f3n de envases de unicel), del art\u00edculo 98 de la Ley para la Prevenci\u00f3n y Gesti\u00f3n Integral de los Residuos S\u00f3lidos del Estado de Oaxaca, avaladas en la 64 Legislatura local.<\/p>\n\n\n\n<p>La declaratoria fue a ra\u00edz de los amparos promovidos por Coca Cola-Femsa, a trav\u00e9s de su embotelladora Propimex y su comercializadora Oxxo, quienes buscaban y lograron continuar con la distribuci\u00f3n de productos en pl\u00e1sticos de un solo uso, las botellas de PET.<\/p>\n\n\n\n<p>Sosa Villavicencio sostuvo que la declaratoria de inconstitucional estuvo basada en los dictados de una ley neoliberal, la Ley General para la Prevenci\u00f3n y Gesti\u00f3n Integral de los Residuos, y no en el esp\u00edritu federalista de la Constituci\u00f3n Pol\u00edtica de los Estados Unidos Mexicanos, maniatando y sometiendo a los Poderes Legislativos de las entidades federativas a los dictados del capital internacional<\/p>\n\n\n\n<p>Se\u00f1al\u00f3 que las resoluciones del m\u00e1ximo tribunal afectan solamente dos fracciones de un art\u00edculo, de manera que el resto de las disposiciones del amplio paquete de reformas del 10 de abril de 2019 sigue siendo completamente vigente.<\/p>\n\n\n\n<p>PROTESTA EN CONGRESO<\/p>\n\n\n\n<p>Por la ma\u00f1ana, ambientalistas de Oaxaca exigieron al Congreso del Estado realizar reformas a las leyes para destino final de los residuos s\u00f3lidos y operaci\u00f3n de rellenos sanitarios.<\/p>\n\n\n\n<p>As\u00ed mismo, para exigir reformas legislativas que permitan un mejor uso y destino de los residuos, pues la ley existe en la materia es del 2005 y ya qued\u00f3 obsoleta para enfrentar los problemas actuales.<\/p>\n\n\n\n<p>As\u00ed como aseveraron que de nada sirvi\u00f3 la aprobaci\u00f3n de la Ley Antipl\u00e1stico aprobada en la 64 Legislatura de Oaxaca, pues las industrias siguen generando y distribuyendo dicho material.<\/p>\n\n\n\n<p>Encabezados por el presidente del Colectivo de Organizaciones Ambientales de Oaxaca (COAO) Nasario Garc\u00eda Ram\u00edrez, se\u00f1alaron que los diputados locales han descuidado el tema ambiental, y cuando lo abordan priorizan sus intereses econ\u00f3micos y pol\u00edticos.<\/p>\n\n\n\n<p>Entre sus propuestas, apuntaron, se encuentra la de modificaciones para que se permita a los particulares y la sociedad civil instalar centros integrales de residuos s\u00f3lidos o plantas de reciclaje, distintos a los existentes actualmente para el acopio de cart\u00f3n, PET y aluminio.<\/p>\n\n\n\n<p>Pues manifestaron que los rellenos sanitarios tienen un periodo de vigencia, lo cual hace que las condiciones ambientales empeoren al tener que recurrir a la apertura de m\u00e1s sitios como estos.<\/p>\n\n\n\n<p>GOBIERNO INDOLENTE<\/p>\n\n\n\n<p>Por su parte, el diputado Horacio Sosa Villavicencio, quien propuso la ley antipl\u00e1stico, reconoci\u00f3 el grave problema ambiental que enfrentan municipios de la zona metropolitana de la capital, en los Valles Centrales, ante el cierre del relleno sanitario en Villa de Zaachila, as\u00ed como los existentes por d\u00e9cadas en el r\u00edo \u201cSalado\u201d.<\/p>\n\n\n\n<p>Se\u00f1al\u00f3 que la ley, aprobada en 2019 y puesta en marcha en 2020, es un referente en materia ambiental en M\u00e9xico, pero el gobierno del Estado a cargo de Alejandro Murat no la ha aplicado.<\/p>\n\n\n\n<p>Por ello, responsabiliz\u00f3 al Poder Ejecutivo de Oaxaca de empeorar las condiciones ambientales, pues la Secretar\u00eda del Medio Ambiente, Energ\u00edas y Desarrollo Sustentable (Semaedeso) no aplic\u00f3 las acciones correspondientes para sanciones y multas que contempla la ley para los infractores.<\/p>\n\n\n\n<p>Apunt\u00f3 que el gobierno dio prioridad a las empresas sobre el bienestar de las familias oaxaque\u00f1as respecto a contar con un mejor ambiente.&nbsp;<\/p>\n","protected":false},"excerpt":{"rendered":"<p>Yuridiana Sosa\/Redacci\u00f3n\/Zona Roja. Oaxaca de Ju\u00e1rez, Oax., a 17 de agosto de 2022.- La Suprema&hellip;<\/p>\n","protected":false},"author":2,"featured_media":44749,"comment_status":"closed","ping_status":"open","sticky":false,"template":"","format":"standard","meta":{"_lmt_disableupdate":"","_lmt_disable":"","_jetpack_memberships_contains_paid_content":false,"footnotes":""},"categories":[109,47],"tags":[2743],"class_list":["post-44748","post","type-post","status-publish","format-standard","has-post-thumbnail","hentry","category-minuto-a-minuto","category-zona-gris","tag-65-legislatura-del-estado-de-oaxaca"],"jetpack_featured_media_url":"https:\/\/zonaroja.com.mx\/wp-content\/uploads\/2022\/08\/Protesta-ambientalistas-Congreso.jpg","jetpack_sharing_enabled":true,"_links":{"self":[{"href":"https:\/\/zonaroja.com.mx\/index.php?rest_route=\/wp\/v2\/posts\/44748","targetHints":{"allow":["GET"]}}],"collection":[{"href":"https:\/\/zonaroja.com.mx\/index.php?rest_route=\/wp\/v2\/posts"}],"about":[{"href":"https:\/\/zonaroja.com.mx\/index.php?rest_route=\/wp\/v2\/types\/post"}],"author":[{"embeddable":true,"href":"https:\/\/zonaroja.com.mx\/index.php?rest_route=\/wp\/v2\/users\/2"}],"replies":[{"embeddable":true,"href":"https:\/\/zonaroja.com.mx\/index.php?rest_route=%2Fwp%2Fv2%2Fcomments&post=44748"}],"version-history":[{"count":1,"href":"https:\/\/zonaroja.com.mx\/index.php?rest_route=\/wp\/v2\/posts\/44748\/revisions"}],"predecessor-version":[{"id":44750,"href":"https:\/\/zonaroja.com.mx\/index.php?rest_route=\/wp\/v2\/posts\/44748\/revisions\/44750"}],"wp:featuredmedia":[{"embeddable":true,"href":"https:\/\/zonaroja.com.mx\/index.php?rest_route=\/wp\/v2\/media\/44749"}],"wp:attachment":[{"href":"https:\/\/zonaroja.com.mx\/index.php?rest_route=%2Fwp%2Fv2%2Fmedia&parent=44748"}],"wp:term":[{"taxonomy":"category","embeddable":true,"href":"https:\/\/zonaroja.com.mx\/index.php?rest_route=%2Fwp%2Fv2%2Fcategories&post=44748"},{"taxonomy":"post_tag","embeddable":true,"href":"https:\/\/zonaroja.com.mx\/index.php?rest_route=%2Fwp%2Fv2%2Ftags&post=44748"}],"curies":[{"name":"wp","href":"https:\/\/api.w.org\/{rel}","templated":true}]}}