{"id":44757,"date":"2022-08-18T06:45:34","date_gmt":"2022-08-18T11:45:34","guid":{"rendered":"http:\/\/www.zonaroja.com.mx\/?p=44757"},"modified":"2022-08-18T06:45:35","modified_gmt":"2022-08-18T11:45:35","slug":"firma-la-sspo-y-el-iago-convenio-para-reforzar-una-efectiva-reinsercion-social","status":"publish","type":"post","link":"https:\/\/zonaroja.com.mx\/?p=44757","title":{"rendered":"Firma la SSPO y el IAGO convenio para reforzar una efectiva reinserci\u00f3n social"},"content":{"rendered":"\n<p>Redacci\u00f3n\/Zona Roja.<\/p>\n\n\n\n<p>Oaxaca de Ju\u00e1rez, Oax., a 18 de agosto de 2022.- La Secretar\u00eda de Seguridad P\u00fablica de Oaxaca (SSPO) y el Instituto de Artes Gr\u00e1ficas y del Centro Fotogr\u00e1fico Manuel \u00c1lvarez Bravo (IAGO), firmaron un convenio de colaboraci\u00f3n institucional a fin de reforzar y hacer efectiva la reinserci\u00f3n social en los 10 centros penitenciarios del estado.<\/p>\n\n\n\n<p>La titular de la SSPO, Dalia Ba\u00f1os Noyola, junto a la representante legal de amigos del IAGO, Sara L\u00f3pez Ellitsgaard, celebr\u00f3 est\u00e1 suscripci\u00f3n con la cual se realizar\u00e1n acciones para un proceso formativo de las Personas Privadas de la Libertad (PPL).&nbsp;<\/p>\n\n\n\n<p>Mediante el cual la poblaci\u00f3n penitenciaria adquirir\u00e1 los conocimientos, aptitudes, habilidades t\u00e9cnicas y competencias laborales necesarios para realizar actividades productivas durante su reclusi\u00f3n y la posibilidad de seguir desarroll\u00e1ndose en libertad.<\/p>\n\n\n\n<p>\u00abLa capacitaci\u00f3n para el trabajo, es un derecho humano y una aspiraci\u00f3n fundamental de toda persona y ha sido, asimismo, un tema de constante preocupaci\u00f3n para el gobernador Alejandro Murat Hinojosa y para quienes integramos la SSPO\u201d, dijo.<\/p>\n\n\n\n<p>Adem\u00e1s abund\u00f3 que con estas medidas se pretende generar un ambiente propicio dentro del esp\u00edritu de colaboraci\u00f3n, orden y gobernabilidad; pero sobre todo enaltecer el gran trabajo que realizaba el maestro Francisco Toledo.<\/p>\n\n\n\n<p>REFUERZAN OPERATIVO<\/p>\n\n\n\n<p>Por otra parte, con el objetivo de garantizar el orden y la paz en Oaxaca y Veracruz, la titular de la Secretar\u00eda de Seguridad P\u00fablica, Dalia Ba\u00f1os Noyola inform\u00f3 que, se despleg\u00f3 un operativo coordinado en la zona lim\u00edtrofe de ambos estados.&nbsp;<\/p>\n\n\n\n<p>A trav\u00e9s de las corporaciones estatales de dichas entidades, se realizan recorridos de seguridad, prevenci\u00f3n, disuasi\u00f3n y vigilancia, principalmente en el tramo carretero que comunica de Tuxtepec-Veracruz, de la Carretera Federal 145.&nbsp;<\/p>\n\n\n\n<p>Asimismo, Ba\u00f1os Noyola dijo estas acciones se efectuar\u00e1n en las comunidades de El Manantial, Progreso, Matanaranja y Porvenir, pertenecientes al estado de Veracruz; as\u00ed como, en Las Pilas, Reforma, Chichicazapa, Ra\u00fal Sandoval, San Miguel Soyaltepec y Temazcal en Oaxaca.&nbsp;<\/p>\n\n\n\n<p>Con esta puesta en marcha, la secretaria de la SSPO dio a conocer que, se busca prevenir el tr\u00e1fico ilegal de personas, el robo de veh\u00edculos, el traspaso ilegal de sustancias prohibidas; garantizando con ello, la seguridad y bienestar de la ciudadan\u00eda en la zona.<\/p>\n","protected":false},"excerpt":{"rendered":"<p>Redacci\u00f3n\/Zona Roja. Oaxaca de Ju\u00e1rez, Oax., a 18 de agosto de 2022.- La Secretar\u00eda de&hellip;<\/p>\n","protected":false},"author":2,"featured_media":44758,"comment_status":"closed","ping_status":"open","sticky":false,"template":"","format":"standard","meta":{"_lmt_disableupdate":"","_lmt_disable":"","_jetpack_memberships_contains_paid_content":false,"footnotes":""},"categories":[109,46],"tags":[1421],"class_list":["post-44757","post","type-post","status-publish","format-standard","has-post-thumbnail","hentry","category-minuto-a-minuto","category-zona-blanca","tag-secretaria-de-seguridad-publica-de-oaxaca-sspo"],"jetpack_featured_media_url":"https:\/\/zonaroja.com.mx\/wp-content\/uploads\/2022\/08\/SSO-firma-convenio-con-IAGO.jpg","jetpack_sharing_enabled":true,"_links":{"self":[{"href":"https:\/\/zonaroja.com.mx\/index.php?rest_route=\/wp\/v2\/posts\/44757","targetHints":{"allow":["GET"]}}],"collection":[{"href":"https:\/\/zonaroja.com.mx\/index.php?rest_route=\/wp\/v2\/posts"}],"about":[{"href":"https:\/\/zonaroja.com.mx\/index.php?rest_route=\/wp\/v2\/types\/post"}],"author":[{"embeddable":true,"href":"https:\/\/zonaroja.com.mx\/index.php?rest_route=\/wp\/v2\/users\/2"}],"replies":[{"embeddable":true,"href":"https:\/\/zonaroja.com.mx\/index.php?rest_route=%2Fwp%2Fv2%2Fcomments&post=44757"}],"version-history":[{"count":1,"href":"https:\/\/zonaroja.com.mx\/index.php?rest_route=\/wp\/v2\/posts\/44757\/revisions"}],"predecessor-version":[{"id":44759,"href":"https:\/\/zonaroja.com.mx\/index.php?rest_route=\/wp\/v2\/posts\/44757\/revisions\/44759"}],"wp:featuredmedia":[{"embeddable":true,"href":"https:\/\/zonaroja.com.mx\/index.php?rest_route=\/wp\/v2\/media\/44758"}],"wp:attachment":[{"href":"https:\/\/zonaroja.com.mx\/index.php?rest_route=%2Fwp%2Fv2%2Fmedia&parent=44757"}],"wp:term":[{"taxonomy":"category","embeddable":true,"href":"https:\/\/zonaroja.com.mx\/index.php?rest_route=%2Fwp%2Fv2%2Fcategories&post=44757"},{"taxonomy":"post_tag","embeddable":true,"href":"https:\/\/zonaroja.com.mx\/index.php?rest_route=%2Fwp%2Fv2%2Ftags&post=44757"}],"curies":[{"name":"wp","href":"https:\/\/api.w.org\/{rel}","templated":true}]}}