{"id":44760,"date":"2022-08-18T07:06:43","date_gmt":"2022-08-18T12:06:43","guid":{"rendered":"http:\/\/www.zonaroja.com.mx\/?p=44760"},"modified":"2022-08-18T07:06:45","modified_gmt":"2022-08-18T12:06:45","slug":"bc-ex-gobernador-morenista-acusa-a-gobernadora-morenista-de-pactar-con-narco","status":"publish","type":"post","link":"https:\/\/zonaroja.com.mx\/?p=44760","title":{"rendered":"BC: ex gobernador morenista acusa a gobernadora morenista de pactar con narco"},"content":{"rendered":"\n<p>Redacci\u00f3n\/Zona Roja Cdmx.<\/p>\n\n\n\n<p>Ciudad de M\u00e9xico, a 18 de agosto de 2022.- El ex gobernador de Baja California, Jaime Bonilla Valdez, acus\u00f3 a su sucesora, Marina del Pilar \u00c1vila Olmeda, ambos surgidos del Partido Morena, de pactar con el narco.<\/p>\n\n\n\n<p>Desde la tribuna de la Comisi\u00f3n Permanente, el ahora legislador Bonilla se\u00f1al\u00f3 que \u00c1vila hizo un acuerdo con el C\u00e1rtel Jalisco Nueva Generaci\u00f3n y que \u201cel incumplirlo\u201d deriv\u00f3 en los hechos violentos (entre ellos la quema de 28 veh\u00edculos) que se reportaron hace unos d\u00edas en cuatro municipios del estado. Jaime Bonilla, quien ayer se reincorpor\u00f3 a su esca\u00f1o, refiri\u00f3: \u201cNos tratan de confundir dici\u00e9ndonos que la inseguridad que se vivi\u00f3 en Baja California fue igual a lo ocurrido en Jalisco, Guanajuato, Chihuahua y el estado de M\u00e9xico. Y no es cierto\u201d.<\/p>\n\n\n\n<p>Asegur\u00f3 que en el primer estado hubo una \u201cfalla gubernamental\u201d y \u201cse opt\u00f3 por un esquema id\u00e9ntico al de el ex secretario de Seguridad Genaro Garc\u00eda Luna. La gobernadora pact\u00f3 con el crimen organizado, en particular con el CJNG\u201d.<\/p>\n\n\n\n<p>Reiter\u00f3: \u201cEl CJNG le hizo un reclamo a la mandataria, a trav\u00e9s de mantas, donde le dijo que viol\u00f3 el acuerdo. Esa violencia que se registr\u00f3 el fin de semana pasado nunca pas\u00f3 en mi gobierno. Lo que dije (el lunes en la grabaci\u00f3n) lo ratifico aqu\u00ed en esta Comisi\u00f3n Permanente\u201d.<\/p>\n\n\n\n<p>LE RESPONDEN<\/p>\n\n\n\n<p>Por su parte, la mandataria Marina del Pilar \u00c1vila lament\u00f3 que haya personajes que utilicen la violencia del fin de semana pasado en el estado con fines pol\u00edticos.<\/p>\n\n\n\n<p>Asimismo, desestim\u00f3 la informaci\u00f3n divulgada por la televisora de Jaime Bonilla sobre un supuesto comunicado del crimen organizado en el que se anunciaba la aplicaci\u00f3n de un toque de queda en la entidad.<\/p>\n\n\n\n<p>\u201cNo debemos hacer uso pol\u00edtico de la violencia. Los que queremos a Baja California debemos estar unidos y buscamos unidad. Lo que recomendamos es seguir a los medios (de comunicaci\u00f3n) oficiales y agradecer a quienes fueron serios brindando informaci\u00f3n certera y oportuna al pueblo\u201d, manifest\u00f3.<\/p>\n\n\n\n<p>VIOLENCIA EN GUANAJUATO<\/p>\n\n\n\n<p>Por otra parte, la violencia criminal contin\u00faa en el estado de Guanajuato y ayer fue asesinado Guillermo Mendoza Su\u00e1rez, hijo de Javier Mendoza M\u00e1rquez, alcalde panista de Celaya, y de la ex diputada local y federal del Partido Acci\u00f3n Nacional (PAN) Mar\u00eda Guadalupe Su\u00e1rez Ponce.<\/p>\n\n\n\n<p>El crimen fue perpetrado minutos despu\u00e9s de las 15:00 horas fuera de una sucursal de Farmacias Guadalajara ubicada en avenida 2 de Abril esquina con Francisco I. Madero, en la colonia Villa de los Reyes.<\/p>\n\n\n\n<p>El hijo de los pol\u00edticos panistas entr\u00f3 al establecimiento y fue ultimado al salir, cuando abord\u00f3 su camioneta Jeep con placas GLZ 696 D; seg\u00fan fuentes extraoficiales, recibi\u00f3 al menos 12 disparos.<\/p>\n\n\n\n<p>HALLAN A SECUESTRADOS<\/p>\n\n\n\n<p>En tanto, los cuatro polic\u00edas secuestrados la madrugada del martes por un grupo armado que atac\u00f3 la comandancia del municipio de Moctezuma, en San Luis Potos\u00ed, fueron hallados ayer en la localidad de Villa Hidalgo por elementos de la Guardia Civil, inform\u00f3 la Secretar\u00eda de Seguridad y Protecci\u00f3n Ciudadana del estado.<\/p>\n\n\n\n<p>El fiscal Jos\u00e9 Luis Ruiz Contreras agreg\u00f3 que los cuatro uniformados (dos hombres y dos mujeres) se encuentran en buen estado de salud; \u201cestamos en entrevistas para establecer l\u00edneas (de investigaci\u00f3n) sobre c\u00f3mo fueron sustra\u00eddos\u201d, precis\u00f3.<\/p>\n\n\n\n<p>Por otra parte, el cuerpo del ex regidor pri\u00edsta (2005-2008) de Bah\u00eda de Banderas, Nayarit, V\u00edctor Manuel Percastre Mendoza, fue localizado el martes cerca del rancho La Palapa, delegaci\u00f3n de El Pitillal, en Puerto Vallarta, Jalisco; el ex servidor p\u00fablico de 46 a\u00f1os estaba reportado como desaparecido desde el pasado 5 de agosto.<\/p>\n\n\n\n<p>En Michoac\u00e1n, cuatro personas, entre ellas una ni\u00f1a de cuatro a\u00f1os y una mujer de 54, fueron asesinadas en distintos sucesos relacionados con el crimen organizado, seg\u00fan reportes policiales.<\/p>\n\n\n\n<p>(Con informaci\u00f3n de \u201cLa Jornada\u201d)<\/p>\n","protected":false},"excerpt":{"rendered":"<p>Redacci\u00f3n\/Zona Roja Cdmx. Ciudad de M\u00e9xico, a 18 de agosto de 2022.- El ex gobernador&hellip;<\/p>\n","protected":false},"author":2,"featured_media":44761,"comment_status":"closed","ping_status":"open","sticky":false,"template":"","format":"standard","meta":{"_lmt_disableupdate":"","_lmt_disable":"","_jetpack_memberships_contains_paid_content":false,"footnotes":""},"categories":[109,47],"tags":[],"class_list":["post-44760","post","type-post","status-publish","format-standard","has-post-thumbnail","hentry","category-minuto-a-minuto","category-zona-gris"],"jetpack_featured_media_url":"https:\/\/zonaroja.com.mx\/wp-content\/uploads\/2022\/08\/Jaime-Bonilla-y-Marina-del-Pilar-Baja-California.jpeg","jetpack_sharing_enabled":true,"_links":{"self":[{"href":"https:\/\/zonaroja.com.mx\/index.php?rest_route=\/wp\/v2\/posts\/44760","targetHints":{"allow":["GET"]}}],"collection":[{"href":"https:\/\/zonaroja.com.mx\/index.php?rest_route=\/wp\/v2\/posts"}],"about":[{"href":"https:\/\/zonaroja.com.mx\/index.php?rest_route=\/wp\/v2\/types\/post"}],"author":[{"embeddable":true,"href":"https:\/\/zonaroja.com.mx\/index.php?rest_route=\/wp\/v2\/users\/2"}],"replies":[{"embeddable":true,"href":"https:\/\/zonaroja.com.mx\/index.php?rest_route=%2Fwp%2Fv2%2Fcomments&post=44760"}],"version-history":[{"count":1,"href":"https:\/\/zonaroja.com.mx\/index.php?rest_route=\/wp\/v2\/posts\/44760\/revisions"}],"predecessor-version":[{"id":44762,"href":"https:\/\/zonaroja.com.mx\/index.php?rest_route=\/wp\/v2\/posts\/44760\/revisions\/44762"}],"wp:featuredmedia":[{"embeddable":true,"href":"https:\/\/zonaroja.com.mx\/index.php?rest_route=\/wp\/v2\/media\/44761"}],"wp:attachment":[{"href":"https:\/\/zonaroja.com.mx\/index.php?rest_route=%2Fwp%2Fv2%2Fmedia&parent=44760"}],"wp:term":[{"taxonomy":"category","embeddable":true,"href":"https:\/\/zonaroja.com.mx\/index.php?rest_route=%2Fwp%2Fv2%2Fcategories&post=44760"},{"taxonomy":"post_tag","embeddable":true,"href":"https:\/\/zonaroja.com.mx\/index.php?rest_route=%2Fwp%2Fv2%2Ftags&post=44760"}],"curies":[{"name":"wp","href":"https:\/\/api.w.org\/{rel}","templated":true}]}}