{"id":44767,"date":"2022-08-18T09:00:36","date_gmt":"2022-08-18T14:00:36","guid":{"rendered":"http:\/\/www.zonaroja.com.mx\/?p=44767"},"modified":"2022-08-18T09:00:39","modified_gmt":"2022-08-18T14:00:39","slug":"sesion-legislativa-otra-vez-entre-retrasos-nimiedades-y-moravy","status":"publish","type":"post","link":"https:\/\/zonaroja.com.mx\/?p=44767","title":{"rendered":"Sesi\u00f3n legislativa, otra vez entre retrasos, nimiedades y \u201cMoravy\u201d"},"content":{"rendered":"\n<p>Ismael Garc\u00eda M.\/Zona Roja.<\/p>\n\n\n\n<p>San Raymundo Jalpan, Oax., a 18 de agosto de 2022.- \u201cNo es cierto, no son 25, \u00a1cuenta bien Jorge!\u201d.<\/p>\n\n\n\n<p>El reclamo, del coordinador parlamentario del PRI, Alejandro Avil\u00e9s \u00c1lvarez, en un Punto de Acuerdo que despert\u00f3 del letargo, y del relajo, a los legisladores oaxaque\u00f1os.<\/p>\n\n\n\n<p>Escasa discusi\u00f3n parlamentaria, escasos dict\u00e1menes de leyes o reformas; relajo, mucho relajo. Las acusaciones a Ivette Murat por su empresa \u201cMoravi\u201d generaron expectativas, pero s\u00f3lo eso, pues la defensa priista fue tibia.<\/p>\n\n\n\n<p>As\u00ed fue de nuevo la sesi\u00f3n ordinaria de la 65 Legislatura, este mi\u00e9rcoles. Asamblea que inici\u00f3 con casi tres horas de retraso, y ahora sin internet desde hace tres d\u00edas en la sede del Congreso, por lo que el orden del d\u00eda se tuvo que entregar en hojas impresas y en discos compactos los dict\u00e1menes.&nbsp;<\/p>\n\n\n\n<p>Por lo menos en cuatro ocasiones, hubo de llamar la atenci\u00f3n desde la Mesa Directiva a los diputados, que todo el tiempo optaron por el relajo, la charla, la \u201cselfie\u201d, la entrevista.&nbsp;<\/p>\n\n\n\n<p>Hasta la diputada Mariana Ben\u00edtez abandon\u00f3 por un momento su lugar en la Mesa para atender un asunto personal con una persona de las gradas.<\/p>\n\n\n\n<p>S\u00d3LO RELAJO<\/p>\n\n\n\n<p>La orden del d\u00eda estuvo conformada por 35 puntos, de ellos s\u00f3lo ocho dict\u00e1menes en segunda lectura, todos aprobados, y 11 en primera lectura.<\/p>\n\n\n\n<p>\u201cPrevio a dar inicio de la sesi\u00f3n, hago de su conocimiento que en virtud de que el director de Inform\u00e1tica y Gaceta Parlamentaria de este Congreso nos informan que los servicios de internet de la p\u00e1gina web se encuentran afectados, y el sistema de votaci\u00f3n y asistencia as\u00ed como la proyecci\u00f3n de la orden del d\u00eda en las tabletas van a estar suspendidos.<\/p>\n\n\n\n<p>\u201cSin embargo, previendo esta situaci\u00f3n, desde ayer instruimos que cada uno de ustedes tenga en forma impresa la gaceta parlamentaria\u2026 tambi\u00e9n se les hizo llegar -cito al orden por favor- y ustedes tienen tambi\u00e9n un cd que tiene los anexos de cada uno de los puntos\u201d, inici\u00f3 Ben\u00edtez Tiburcio a las 13:40 horas.<\/p>\n\n\n\n<p>Todo transcurri\u00f3 sin mayores contratiempos ni sobresaltos, m\u00e1s que las continuas charlas entre diputadas y diputados.<\/p>\n\n\n\n<p>Fue en el punto 29 del orden del d\u00eda, presentado por la fracci\u00f3n de Morena, y respaldado hasta por los cinco de la bancada de la Cuarta Transformaci\u00f3n, que despert\u00f3 la irritaci\u00f3n de los priistas, aunque sin defensa en tribuna.<\/p>\n\n\n\n<figure class=\"wp-block-embed\"><div class=\"wp-block-embed__wrapper\">\nhttps:\/\/fb.watch\/eZ-eK26tDb\/\n<\/div><\/figure>\n\n\n\n<p>APROPIACI\u00d3N CULTURAL<\/p>\n\n\n\n<p>\u201cSe exhorta respetuosamente al titular del Poder Ejecutivo, maestro Alejandro Murat Hinojosa, para que a trav\u00e9s de la Secretar\u00eda de Turismo, la Secretar\u00eda de Pueblos Ind\u00edgenas y Afroamericano y el Instituto Oaxaque\u00f1o de las Artesan\u00edas, garantice el pleno respeto, remuneraci\u00f3n justa y equitativa por el uso, aprovechamiento y comercializaci\u00f3n sobre los elementos del patrimonio cultural, espec\u00edficamente de los textiles de los pueblos y comunidades ind\u00edgenas y afroamericanas\u201d, destacaba el punto.<\/p>\n\n\n\n<p>Le toc\u00f3 a Yesenia Nolasco, integrante de la Mesa Directiva, leer el posicionamiento:<\/p>\n\n\n\n<p>\u201cAlgunos incluso han plagiado textiles que, disfraz\u00e1ndolos como fuente de inspiraci\u00f3n, atentan contra los derechos de la propiedad intelectual colectiva de los pueblos ind\u00edgenas y afromexicanos, como es el caso de la marca \u2018Moravy\u2019, que nos inquieta por el uso del patrimonio cultural, romantiz\u00e1ndolo para ser comercializado y aprovech\u00e1ndose del trabajo de las comunidades artesanas.<\/p>\n\n\n\n<p>\u201cAnte la evidente problem\u00e1tica que est\u00e1 pasando en nuestro estado, el gobierno del estado actual que va tiene bloqueos carreteros, basuras por todos lados, falta de servicios b\u00e1sicos, inseguridad y feminicidios, este gobierno se da el lujo de traer eventos como el \u2018Mercedes-Benz Fashion Week Oaxaca\u2019, de comprar espacios en la revista \u201cVogue\u201d, para que marcas como \u201cMoravy\u201d, la cual le pertenece a la presidenta honoraria del DIF, Ivette Mor\u00e1n de Murat, aparezca en su portada.<\/p>\n\n\n\n<p>\u201cY que por cierto tiene como embajadoras a las modelos de la talla de Yalitza Aparicio y que por coincidencias de la vida es la hermana de la titular de la Secretar\u00eda de Pueblos Ind\u00edgenas y Afroamexicanos, y quien casualmente tiene la responsabilidad de vigilar y sobre todo cuidar y dirigir las acciones para preservar, proteger y desarrollar la propiedad intelectual, colectiva e individual con relaci\u00f3n\u2026\u201d<\/p>\n\n\n\n<figure class=\"wp-block-embed is-type-rich is-provider-twitter wp-block-embed-twitter\"><div class=\"wp-block-embed__wrapper\">\n<div class=\"twitter-tweet\"><blockquote class=\"twitter-tweet\" data-lang=\"es\"><p lang=\"es\" dir=\"ltr\">\u201cAlgunos incluso han plagiado textiles que, disfraz\u00e1ndolos como fuente de inspiraci\u00f3n, atentan contra los derechos de la propiedad intelectual colectiva de los pueblos ind\u00edgenas y afromexicanos, como es el caso de la marca \u2018Moravy\u2019\u201d. <br>As\u00ed fue el Punto de Acuerdo avalado ayer. <a href=\"https:\/\/t.co\/OcmX9Pt55v\">pic.twitter.com\/OcmX9Pt55v<\/a><\/p>&mdash; Zona Roja Oaxaca (@ZonaRoja_Oaxaca) <a href=\"https:\/\/twitter.com\/ZonaRoja_Oaxaca\/status\/1560253953815859200?ref_src=twsrc%5Etfw\">18 de agosto de 2022<\/a><\/blockquote><\/div>\n<\/div><\/figure>\n\n\n\n<p>Yesenia Nolasco no terminaba cuando fue intervenida por la Mesa Directiva, en voz de Hayde\u00e9 Reyes, para llamar la atenci\u00f3n por el relajo en el pleno.<\/p>\n\n\n\n<p>Reforz\u00f3 en tribuna Nancy Ben\u00edtez:&nbsp;<\/p>\n\n\n\n<p>\u201cDeber\u00edan suspenderse de manera inmediata toda acci\u00f3n que se pretenda realizar en perjuicio de estos derechos, m\u00e1xime si de ello no ser\u00e1n beneficiados los pueblos y comunidades ind\u00edgenas\u201d.<\/p>\n\n\n\n<p>Desde su curul, sin tomarse la molestia de subir al podio, la priista Mar\u00eda Luis Matus Manzo, pero s\u00f3lo para acusar plagio en iniciativas:&nbsp;<\/p>\n\n\n\n<p>\u201cSolamente en el tema del respeto a los textiles de los pueblos y comunidades ind\u00edgenas y afromexicanas, se escucha muy bonito que levantemos la voz y que pidamos el respeto y desde aqu\u00ed tambi\u00e9n estoy pidiendo el respeto porque desde aqu\u00ed he visto que el pleno de este Congreso que copian, cortan y pegan, y eso tampoco es correcto, solamente debemos ser congruentes entre lo que decimos y hacemos porque de eso dista mucho\u201d. Nada m\u00e1s.<\/p>\n\n\n\n<p>A las 15:25 horas vino la votaci\u00f3n a mano alzada. \u201cSe emitieron 25 votos a favor\u201d, inform\u00f3 Hayde\u00e9 Reyes.<\/p>\n\n\n\n<p>Vino la reconvenida de Avil\u00e9s: \u201cNo es cierto, no son 25, \u00a1cuenta bien Jorge (Ilescas)\u201d!, grit\u00f3 tambi\u00e9n desde su curul.<\/p>\n\n\n\n<p>&nbsp;Y Ben\u00edtez Tiburcio, obediente orden\u00f3 nueva votaci\u00f3n, pero ahora fueron 27 a favor, incluidos los de la Cuarta Transformaci\u00f3n y los verdes.<\/p>\n\n\n\n<p>\u201cNo salen los 27\u201d, grit\u00f3 Mar\u00eda Luisa Matus. Pero ya nada pudieron hacer, todo estaba consumado. Aunque s\u00f3lo fue una llamada de atenci\u00f3n, sin efectos legales. S\u00f3lo llamarada de p\u00e9tate.<\/p>\n","protected":false},"excerpt":{"rendered":"<p>Ismael Garc\u00eda M.\/Zona Roja. San Raymundo Jalpan, Oax., a 18 de agosto de 2022.- \u201cNo&hellip;<\/p>\n","protected":false},"author":2,"featured_media":44768,"comment_status":"closed","ping_status":"open","sticky":false,"template":"","format":"standard","meta":{"_lmt_disableupdate":"","_lmt_disable":"","_jetpack_memberships_contains_paid_content":false,"footnotes":""},"categories":[109,47],"tags":[2743],"class_list":["post-44767","post","type-post","status-publish","format-standard","has-post-thumbnail","hentry","category-minuto-a-minuto","category-zona-gris","tag-65-legislatura-del-estado-de-oaxaca"],"jetpack_featured_media_url":"https:\/\/zonaroja.com.mx\/wp-content\/uploads\/2022\/08\/Sesion-Congreso-17agosto.jpg","jetpack_sharing_enabled":true,"_links":{"self":[{"href":"https:\/\/zonaroja.com.mx\/index.php?rest_route=\/wp\/v2\/posts\/44767","targetHints":{"allow":["GET"]}}],"collection":[{"href":"https:\/\/zonaroja.com.mx\/index.php?rest_route=\/wp\/v2\/posts"}],"about":[{"href":"https:\/\/zonaroja.com.mx\/index.php?rest_route=\/wp\/v2\/types\/post"}],"author":[{"embeddable":true,"href":"https:\/\/zonaroja.com.mx\/index.php?rest_route=\/wp\/v2\/users\/2"}],"replies":[{"embeddable":true,"href":"https:\/\/zonaroja.com.mx\/index.php?rest_route=%2Fwp%2Fv2%2Fcomments&post=44767"}],"version-history":[{"count":1,"href":"https:\/\/zonaroja.com.mx\/index.php?rest_route=\/wp\/v2\/posts\/44767\/revisions"}],"predecessor-version":[{"id":44769,"href":"https:\/\/zonaroja.com.mx\/index.php?rest_route=\/wp\/v2\/posts\/44767\/revisions\/44769"}],"wp:featuredmedia":[{"embeddable":true,"href":"https:\/\/zonaroja.com.mx\/index.php?rest_route=\/wp\/v2\/media\/44768"}],"wp:attachment":[{"href":"https:\/\/zonaroja.com.mx\/index.php?rest_route=%2Fwp%2Fv2%2Fmedia&parent=44767"}],"wp:term":[{"taxonomy":"category","embeddable":true,"href":"https:\/\/zonaroja.com.mx\/index.php?rest_route=%2Fwp%2Fv2%2Fcategories&post=44767"},{"taxonomy":"post_tag","embeddable":true,"href":"https:\/\/zonaroja.com.mx\/index.php?rest_route=%2Fwp%2Fv2%2Ftags&post=44767"}],"curies":[{"name":"wp","href":"https:\/\/api.w.org\/{rel}","templated":true}]}}