{"id":44783,"date":"2022-08-18T18:25:41","date_gmt":"2022-08-18T23:25:41","guid":{"rendered":"http:\/\/www.zonaroja.com.mx\/?p=44783"},"modified":"2022-08-18T18:25:42","modified_gmt":"2022-08-18T23:25:42","slug":"avanza-semana-entre-bloques-y-protestas-en-oaxaca-en-istmo-claman-atencion","status":"publish","type":"post","link":"https:\/\/zonaroja.com.mx\/?p=44783","title":{"rendered":"Avanza semana entre bloques y protestas en Oaxaca; en Istmo claman atenci\u00f3n"},"content":{"rendered":"\n<p>Yuridiana Sosa\/ Zona Roja.<\/p>\n\n\n\n<p>Oaxaca de Ju\u00e1rez, Oax., 18 de agosto de 2022.- Los bloqueos en Oaxaca no cesan por la desatenci\u00f3n del Gobierno del Estado a trav\u00e9s de la Secretar\u00eda General de Gobierno (Segego) a demandas b\u00e1sicas.<\/p>\n\n\n\n<p>En contraste, las autoridades proporcionan las condiciones necesarias para la realizaci\u00f3n de espect\u00e1culos sociales y del medio art\u00edstico.\u00a0<\/p>\n\n\n\n<p>Por segundo d\u00eda consecutivo, la regi\u00f3n del Istmo presenta bloqueos, pero este jueves se suma uno que complica e imposibilita la circulaci\u00f3n vial para esa regi\u00f3n del estado.<\/p>\n\n\n\n<p>Habitantes y autoridades auxiliares de Mat\u00edas Romero de Avenda\u00f1o iniciaron este d\u00eda un bloqueo en el kil\u00f3metro 195 de la Carretera 185 Trans\u00edstmica, que conecta a la regi\u00f3n de la Cuenca de Oaxaca con el Istmo, as\u00ed como al estado de Veracruz.\u00a0<\/p>\n\n\n\n<p>La manifestaci\u00f3n es contra la presidenta municipal, Obdulia Garc\u00eda, del partido Morena, por presuntos actos de corrupci\u00f3n y malversaci\u00f3n de recursos p\u00fablicos.\u00a0<\/p>\n\n\n\n<p>Mientras que habitantes de diversos municipios del Istmo, afectados por el sismo de 2017 que integran la Asamblea de los Damnificados, mantienen por segundo d\u00eda un bloqueo en la carretera Panamericana 190.<\/p>\n\n\n\n<p>Desde este mi\u00e9rcoles se instalaron en el punto conocido como \u201cEl Caracol\u201d para exigir el pago de los apoyos prometidos tras el segundo censo a damnificados.&nbsp;<\/p>\n\n\n\n<p>Al lugar arribaron este jueves elementos de seguridad p\u00fablica de distintas fuerzas para supuestamente llevar a cabo un desalojo.&nbsp;<\/p>\n\n\n\n<p>EN LA CAPITAL<\/p>\n\n\n\n<p>En tanto, vendedores en v\u00eda p\u00fablica, adheridos a la Confederaci\u00f3n Libertad Oaxaca, se manifestaron este d\u00eda en la capital del \u00a0estado contra el gobierno de\u00a0 Francisco Mart\u00ednez Neri ante el hostigamiento que la direcci\u00f3n de Comercio en V\u00eda P\u00fablica ejerce contra unos 40 agremiados.\u00a0<\/p>\n\n\n\n<p>Los comerciantes apuntaron que, a pesar de contar con sus permisos para trabajar en la calle, la directora Bibiana Garc\u00eda, con el apoyo de los inspectores, los tratan de retirar, por lo que exigen su renuncia por abuso de autoridad.<\/p>\n\n\n\n<p>Para manifestar su inconformidad marcharon de las inmediaciones del mercado \u00abBenito Ju\u00e1rez\u00bb al Palacio Municipal para buscar una mesa de di\u00e1logo con el edil de la capital.\u00a0<\/p>\n","protected":false},"excerpt":{"rendered":"<p>Yuridiana Sosa\/ Zona Roja. Oaxaca de Ju\u00e1rez, Oax., 18 de agosto de 2022.- Los bloqueos&hellip;<\/p>\n","protected":false},"author":2,"featured_media":44772,"comment_status":"closed","ping_status":"open","sticky":false,"template":"","format":"standard","meta":{"_lmt_disableupdate":"","_lmt_disable":"","_jetpack_memberships_contains_paid_content":false,"footnotes":""},"categories":[109,47],"tags":[228],"class_list":["post-44783","post","type-post","status-publish","format-standard","has-post-thumbnail","hentry","category-minuto-a-minuto","category-zona-gris","tag-matias-romero-avendano"],"jetpack_featured_media_url":"https:\/\/zonaroja.com.mx\/wp-content\/uploads\/2022\/08\/Bloqueo-Istmo-Matias-Romero.jpg","jetpack_sharing_enabled":true,"_links":{"self":[{"href":"https:\/\/zonaroja.com.mx\/index.php?rest_route=\/wp\/v2\/posts\/44783","targetHints":{"allow":["GET"]}}],"collection":[{"href":"https:\/\/zonaroja.com.mx\/index.php?rest_route=\/wp\/v2\/posts"}],"about":[{"href":"https:\/\/zonaroja.com.mx\/index.php?rest_route=\/wp\/v2\/types\/post"}],"author":[{"embeddable":true,"href":"https:\/\/zonaroja.com.mx\/index.php?rest_route=\/wp\/v2\/users\/2"}],"replies":[{"embeddable":true,"href":"https:\/\/zonaroja.com.mx\/index.php?rest_route=%2Fwp%2Fv2%2Fcomments&post=44783"}],"version-history":[{"count":1,"href":"https:\/\/zonaroja.com.mx\/index.php?rest_route=\/wp\/v2\/posts\/44783\/revisions"}],"predecessor-version":[{"id":44784,"href":"https:\/\/zonaroja.com.mx\/index.php?rest_route=\/wp\/v2\/posts\/44783\/revisions\/44784"}],"wp:featuredmedia":[{"embeddable":true,"href":"https:\/\/zonaroja.com.mx\/index.php?rest_route=\/wp\/v2\/media\/44772"}],"wp:attachment":[{"href":"https:\/\/zonaroja.com.mx\/index.php?rest_route=%2Fwp%2Fv2%2Fmedia&parent=44783"}],"wp:term":[{"taxonomy":"category","embeddable":true,"href":"https:\/\/zonaroja.com.mx\/index.php?rest_route=%2Fwp%2Fv2%2Fcategories&post=44783"},{"taxonomy":"post_tag","embeddable":true,"href":"https:\/\/zonaroja.com.mx\/index.php?rest_route=%2Fwp%2Fv2%2Ftags&post=44783"}],"curies":[{"name":"wp","href":"https:\/\/api.w.org\/{rel}","templated":true}]}}