{"id":44786,"date":"2022-08-18T20:27:28","date_gmt":"2022-08-19T01:27:28","guid":{"rendered":"http:\/\/www.zonaroja.com.mx\/?p=44786"},"modified":"2022-08-18T20:27:29","modified_gmt":"2022-08-19T01:27:29","slug":"oaxaca-con-la-tasa-mas-alta-en-ocupacion-laboral-pero-en-informalidad-inegi","status":"publish","type":"post","link":"https:\/\/zonaroja.com.mx\/?p=44786","title":{"rendered":"Oaxaca con la tasa m\u00e1s alta en ocupaci\u00f3n laboral, pero en informalidad: Inegi"},"content":{"rendered":"\n<p>Yuridiana Sosa\/Zona Roja.<\/p>\n\n\n\n<p>Oaxaca de Ju\u00e1rez, Oax.,&nbsp; a 18 de agosto de 2022.- En Oaxaca se ubic\u00f3 a la mayor poblaci\u00f3n ocupada en M\u00e9xico durante el segundo trimestre de 2022, misma que tambi\u00e9n destaca por emplearse en la informalidad, report\u00f3 la Encuesta Nacional de Ocupaci\u00f3n y Empleo, Nueva Edici\u00f3n (ENOEN), correspondiente al periodo de abril a junio.<\/p>\n\n\n\n<p>De acuerdo con la encuesta desarrollada por el Instituto Nacional de Geograf\u00eda y Estad\u00edstica (Inegi), Oaxaca registr\u00f3 la tasa de ocupaci\u00f3n, de personas de 15 a\u00f1os y m\u00e1s, m\u00e1s alta del pa\u00eds con un 98.6 por ciento.<\/p>\n\n\n\n<p>Al mismo tiempo, en la entidad oaxaque\u00f1a se present\u00f3 la tasa de informalidad m\u00e1s alta de M\u00e9xico, con un promedio del 80.5 por ciento de la Poblaci\u00f3n Econ\u00f3micamente Activa&nbsp;(PEA).<\/p>\n\n\n\n<p>La encuentra tambi\u00e9n report\u00f3 la poblaci\u00f3n que se encuentra subocupada, en la que Oaxaca igualmente destac\u00f3. Esta poblaci\u00f3n es aquella que se encuentra en b\u00fasqueda de una ocupaci\u00f3n complementaria o de un nuevo trabajo con mayor horario.<\/p>\n\n\n\n<p>Los estados con mayor poblaci\u00f3n subempleada fueron Ciudad del Carmen con el 27 por ciento; Coatzacoalcos, 20.8 por ciento; Tlaxcala, 18.2 por ciento y Oaxaca, 16.7 por ciento.<\/p>\n\n\n\n<p>El Inegi detall\u00f3 en esta ocasi\u00f3n tambi\u00e9n las ciudades, en zonas metropolitanas de los estados, que destacan por su condici\u00f3n laboral. En ese sentido, Oaxaca de Ju\u00e1rez, tiene cifras equitativas a las estatales.<\/p>\n\n\n\n<p>La tasa de participaci\u00f3n de la poblaci\u00f3n ocupada en Oaxaca de Ju\u00e1rez es de 63.2 por ciento, coloc\u00e1ndose entre las 10 principales ciudades con m\u00e1s actividad laboral.<\/p>\n\n\n\n<p>Respecto a la poblaci\u00f3n ocupada que declar\u00f3 tener necesidad y disponibilidad para trabajar m\u00e1s horas -tasa de subocupaci\u00f3n- destac\u00f3 Ciudad del Carmen con un 27 por ciento; Coatzacoalcos, 20.8 por ciento; Tlaxcala, 18.2 por ciento y Oaxaca 16.7 por ciento.<\/p>\n\n\n\n<p>Por lo que, en contraste, las \u00e1reas urbanas con menor desocupaci\u00f3n fueron: Ciudad Ju\u00e1rez, Reynosa, M\u00e9rida, Mexicali, Culiac\u00e1n, Oaxaca, La Paz, Tepic, Tijuana y Hermosillo.<\/p>\n\n\n\n<p>Sin embargo, la condici\u00f3n de la informalidad sigue dominando en \u00e1mbito laboral, pues en Oaxaca de Ju\u00e1rez el 58.6 por ciento de la poblaci\u00f3n econ\u00f3micamente activa lo hace bajo esta condici\u00f3n, ocupando el tercer lugar a nivel nacional, por debajo de Tlaxcala, con el 68 por ciento y Acapulco, Guerrero, 64.8 por ciento.<\/p>\n\n\n\n<p>A NIVEL NACIONAL<\/p>\n\n\n\n<p>La Poblaci\u00f3n Econ\u00f3micamente Activa (PEA) durante el segundo trimestre a nivel nacional fue de 59.3 millones de personas, con un incremento de 1.7 millones m\u00e1s que en el segundo trimestre del a\u00f1o 2021.<\/p>\n\n\n\n<p>La cifra de personas ocupadas en micronegocios creci\u00f3 1.1 millones, en los grandes establecimientos fue de 440 mil y en los peque\u00f1os establecimientos, 398 mil.<\/p>\n\n\n\n<p>Mientras que la poblaci\u00f3n desocupada &nbsp;fue 1.9 millones de personas, cifra menor que el 4.2 por ciento del mismo periodo de 2021.<\/p>\n","protected":false},"excerpt":{"rendered":"<p>Yuridiana Sosa\/Zona Roja. Oaxaca de Ju\u00e1rez, Oax.,&nbsp; a 18 de agosto de 2022.- En Oaxaca&hellip;<\/p>\n","protected":false},"author":2,"featured_media":30370,"comment_status":"closed","ping_status":"open","sticky":false,"template":"","format":"standard","meta":{"_lmt_disableupdate":"","_lmt_disable":"","_jetpack_memberships_contains_paid_content":false,"footnotes":""},"categories":[109,47],"tags":[],"class_list":["post-44786","post","type-post","status-publish","format-standard","has-post-thumbnail","hentry","category-minuto-a-minuto","category-zona-gris"],"jetpack_featured_media_url":"https:\/\/zonaroja.com.mx\/wp-content\/uploads\/2021\/07\/Ambulantes-ciudad-de-Oaxaca.jpg","jetpack_sharing_enabled":true,"_links":{"self":[{"href":"https:\/\/zonaroja.com.mx\/index.php?rest_route=\/wp\/v2\/posts\/44786","targetHints":{"allow":["GET"]}}],"collection":[{"href":"https:\/\/zonaroja.com.mx\/index.php?rest_route=\/wp\/v2\/posts"}],"about":[{"href":"https:\/\/zonaroja.com.mx\/index.php?rest_route=\/wp\/v2\/types\/post"}],"author":[{"embeddable":true,"href":"https:\/\/zonaroja.com.mx\/index.php?rest_route=\/wp\/v2\/users\/2"}],"replies":[{"embeddable":true,"href":"https:\/\/zonaroja.com.mx\/index.php?rest_route=%2Fwp%2Fv2%2Fcomments&post=44786"}],"version-history":[{"count":1,"href":"https:\/\/zonaroja.com.mx\/index.php?rest_route=\/wp\/v2\/posts\/44786\/revisions"}],"predecessor-version":[{"id":44787,"href":"https:\/\/zonaroja.com.mx\/index.php?rest_route=\/wp\/v2\/posts\/44786\/revisions\/44787"}],"wp:featuredmedia":[{"embeddable":true,"href":"https:\/\/zonaroja.com.mx\/index.php?rest_route=\/wp\/v2\/media\/30370"}],"wp:attachment":[{"href":"https:\/\/zonaroja.com.mx\/index.php?rest_route=%2Fwp%2Fv2%2Fmedia&parent=44786"}],"wp:term":[{"taxonomy":"category","embeddable":true,"href":"https:\/\/zonaroja.com.mx\/index.php?rest_route=%2Fwp%2Fv2%2Fcategories&post=44786"},{"taxonomy":"post_tag","embeddable":true,"href":"https:\/\/zonaroja.com.mx\/index.php?rest_route=%2Fwp%2Fv2%2Ftags&post=44786"}],"curies":[{"name":"wp","href":"https:\/\/api.w.org\/{rel}","templated":true}]}}