{"id":44788,"date":"2022-08-18T21:19:54","date_gmt":"2022-08-19T02:19:54","guid":{"rendered":"http:\/\/www.zonaroja.com.mx\/?p=44788"},"modified":"2022-08-18T21:19:55","modified_gmt":"2022-08-19T02:19:55","slug":"oaxaca-capital-y-huatulco-cada-vez-mas-violentos-dos-ejecutados","status":"publish","type":"post","link":"https:\/\/zonaroja.com.mx\/?p=44788","title":{"rendered":"Oaxaca capital y Huatulco; cada vez m\u00e1s violentos: dos ejecutados"},"content":{"rendered":"\n<p>Ismael Garc\u00eda M.\/Zona Roja.<\/p>\n\n\n\n<p>Oaxaca de Ju\u00e1rez, Oax., a 18 de agosto de 2022.- En Oaxaca de Ju\u00e1rez y Santa Maria Huatulco, municipios gobernados por ediles surgidos del Partido Morena, la violencia y la ola criminal recrudecen.<\/p>\n\n\n\n<p>Esta jueves por la tarde en la colonia Heladio Ram\u00edrez L\u00f3pez de la capital del estado, un individuo fue ejecutado a balazos en el interior de un local comercial y dos m\u00e1s resultaron lesionados.<\/p>\n\n\n\n<p>Los hechos ocurrieron alrededor de las 17:00 horas en la reaccionaria \u201cGretel\u201d y la v\u00edctima fatal fue identificada como Pedro V. S., de 30 a\u00f1os de edad, presuntamente con antecedentes delictivos.<\/p>\n\n\n\n<p>Resultaron lesionados de bala Mario R. A., de 16 a\u00f1os de edad, y Ezequiel V., de 35 a\u00f1os de edad, y trasladados a un hospital de la ciudad.<\/p>\n\n\n\n<figure class=\"wp-block-embed is-type-rich is-provider-twitter wp-block-embed-twitter\"><div class=\"wp-block-embed__wrapper\">\n<div class=\"twitter-tweet\"><blockquote class=\"twitter-tweet\" data-lang=\"es\"><p lang=\"es\" dir=\"ltr\"><a href=\"https:\/\/twitter.com\/hashtag\/%C3%9AltimoMinuto?src=hash&amp;ref_src=twsrc%5Etfw\">#\u00daltimoMinuto<\/a> <br>Alarmante la ola de inseguridad en la ciudad de <a href=\"https:\/\/twitter.com\/hashtag\/Oaxaca?src=hash&amp;ref_src=twsrc%5Etfw\">#Oaxaca<\/a>: esta tarde ejecutan a balazos a una persona, al parecer empresario, y lesionan a otra, en la colonia Heladio Ram\u00edrez L\u00f3pez. <a href=\"https:\/\/t.co\/GTw8muk1HI\">pic.twitter.com\/GTw8muk1HI<\/a><\/p>&mdash; Zona Roja Oaxaca (@ZonaRoja_Oaxaca) <a href=\"https:\/\/twitter.com\/ZonaRoja_Oaxaca\/status\/1560405889370099712?ref_src=twsrc%5Etfw\">18 de agosto de 2022<\/a><\/blockquote><\/div>\n<\/div><\/figure>\n\n\n\n<p>Presuntamente dos sicarios a bordo de una motocicleta llegaron directamente a matar al due\u00f1o de la refaccionaria, en que adem\u00e1s lesionaron a otros, tras lo cual huyeron.<\/p>\n\n\n\n<p>Pese a que es una zona de alta afluencia de veh\u00edculos y personas, por varios asentamientos humanos, no hab\u00eda polic\u00edas en la zona para detener a los autores del homicidio.<\/p>\n\n\n\n<p>Mientras tanto en Santa Mar\u00eda Huatulco fue asesinado un taxista, identificado como Sim\u00f3n M. R.<\/p>\n\n\n\n<p>Fue ultimado a bordo de su unidad de motor mientras circulaba de la cabecera municipal hacia la localidad de Benito Ju\u00e1rez; era originario de San Pedro Pochutla y hasta el momento se desconoce el m\u00f3vil del crimen.<\/p>\n","protected":false},"excerpt":{"rendered":"<p>Ismael Garc\u00eda M.\/Zona Roja. Oaxaca de Ju\u00e1rez, Oax., a 18 de agosto de 2022.- En&hellip;<\/p>\n","protected":false},"author":2,"featured_media":44789,"comment_status":"closed","ping_status":"open","sticky":false,"template":"","format":"standard","meta":{"_lmt_disableupdate":"","_lmt_disable":"","_jetpack_memberships_contains_paid_content":false,"footnotes":""},"categories":[109,51],"tags":[148,1337],"class_list":["post-44788","post","type-post","status-publish","format-standard","has-post-thumbnail","hentry","category-minuto-a-minuto","category-zona-roja","tag-oaxaca-de-juarez","tag-santa-maria-huatulco"],"jetpack_featured_media_url":"https:\/\/zonaroja.com.mx\/wp-content\/uploads\/2022\/08\/Ejecutado-ciudad-de-Oaxaca.jpg","jetpack_sharing_enabled":true,"_links":{"self":[{"href":"https:\/\/zonaroja.com.mx\/index.php?rest_route=\/wp\/v2\/posts\/44788","targetHints":{"allow":["GET"]}}],"collection":[{"href":"https:\/\/zonaroja.com.mx\/index.php?rest_route=\/wp\/v2\/posts"}],"about":[{"href":"https:\/\/zonaroja.com.mx\/index.php?rest_route=\/wp\/v2\/types\/post"}],"author":[{"embeddable":true,"href":"https:\/\/zonaroja.com.mx\/index.php?rest_route=\/wp\/v2\/users\/2"}],"replies":[{"embeddable":true,"href":"https:\/\/zonaroja.com.mx\/index.php?rest_route=%2Fwp%2Fv2%2Fcomments&post=44788"}],"version-history":[{"count":1,"href":"https:\/\/zonaroja.com.mx\/index.php?rest_route=\/wp\/v2\/posts\/44788\/revisions"}],"predecessor-version":[{"id":44790,"href":"https:\/\/zonaroja.com.mx\/index.php?rest_route=\/wp\/v2\/posts\/44788\/revisions\/44790"}],"wp:featuredmedia":[{"embeddable":true,"href":"https:\/\/zonaroja.com.mx\/index.php?rest_route=\/wp\/v2\/media\/44789"}],"wp:attachment":[{"href":"https:\/\/zonaroja.com.mx\/index.php?rest_route=%2Fwp%2Fv2%2Fmedia&parent=44788"}],"wp:term":[{"taxonomy":"category","embeddable":true,"href":"https:\/\/zonaroja.com.mx\/index.php?rest_route=%2Fwp%2Fv2%2Fcategories&post=44788"},{"taxonomy":"post_tag","embeddable":true,"href":"https:\/\/zonaroja.com.mx\/index.php?rest_route=%2Fwp%2Fv2%2Ftags&post=44788"}],"curies":[{"name":"wp","href":"https:\/\/api.w.org\/{rel}","templated":true}]}}