{"id":44794,"date":"2022-08-19T06:53:46","date_gmt":"2022-08-19T11:53:46","guid":{"rendered":"http:\/\/www.zonaroja.com.mx\/?p=44794"},"modified":"2022-08-19T06:53:48","modified_gmt":"2022-08-19T11:53:48","slug":"fortalece-ayuntamiento-de-santa-lucia-del-camino-apoyos-en-salud","status":"publish","type":"post","link":"https:\/\/zonaroja.com.mx\/?p=44794","title":{"rendered":"Fortalece ayuntamiento de Santa Luc\u00eda del Camino apoyos en salud"},"content":{"rendered":"\n<p>Redacci\u00f3n\/Zona Roja.<\/p>\n\n\n\n<p>Oaxaca de Ju\u00e1rez, Oax., a 18 de agosto de 2022.- El ayuntamiento de Santa Luc\u00eda del Camino sigue comprometido en trabajar en beneficio de las y los ciudadanos de este municipio, por lo que este jueves se realizan diferentes actividades pensadas en el bienestar de todas y todos.<\/p>\n\n\n\n<p>Como primera instancia, en la explanada municipal, arranc\u00f3 la jornada de vacunaci\u00f3n contra la Covid-19, misma que est\u00e1 destinada para aplicar segundas dosis a menores de 12 a 17 a\u00f1os de edad, y la cual contin\u00faa hoy.<\/p>\n\n\n\n<p>El biol\u00f3gico que se est\u00e1 aplicando es el creado por Pfizer-BioNTech, la cual tiene una eficacia de protecci\u00f3n mayor al 90%; dicha jornada, que es implementada en coordinaci\u00f3n con la delegaci\u00f3n estatal del Instituto Mexicano del Seguro Social (IMSS) en Oaxaca, continuar\u00e1 el viernes 19 de agosto en la biblioteca de la agencia municipal de Santa Mar\u00eda Ixcotel, dirigida al mismo grupo poblacional.<\/p>\n\n\n\n<p>\u201cEsto es el resultado de los esfuerzos del gobierno ederal, para que de forma democr\u00e1tica, hombres y mujeres, ni\u00f1os y ni\u00f1as, est\u00e9n recibiendo la vacuna, y que m\u00e1s ciudadanos de todo el pa\u00eds est\u00e9n vacunados. Yo reconozco ampliamente al gobierno de nuestro Presidente Andr\u00e9s Manuel L\u00f3pez Obrador, que ha aplicado esta vacuna de manera puntual\u201d, se\u00f1al\u00f3 el edil Juan Carlos Garc\u00eda M\u00e1rquez.<\/p>\n\n\n\n<p>Por otro lado, tambi\u00e9n en la explanada municipal de Santa Luc\u00eda del Camino, y en coordinaci\u00f3n con las Unidades M\u00f3viles del Gobierno del Estado de Oaxaca, se est\u00e1n ofreciendo servicios p\u00fablicos gratuitos a las familias del municipio.&nbsp;<\/p>\n\n\n\n<p>Los cuales incluyen consulta m\u00e9dica general, toma de signos vitales, consulta odontol\u00f3gica, consulta psicol\u00f3gica, consulta nutricional, prueba de glucosa, esc\u00e1ner mamario, pruebas r\u00e1pidas de Covid-19, as\u00ed como cortes de cabello.<\/p>\n\n\n\n<p>En compa\u00f1\u00eda del delegado de Atenci\u00f3n Regional, Jes\u00fas Mart\u00ednez Mendoza; Lorenzo Elorza, coordinador de la Caravana de las Unidades M\u00f3viles; Daniela Taurino, secretaria Municipal de Santa Luc\u00eda del Camino; Mar\u00eda Mart\u00ednez, regidora de Seguridad; Rosita Pe\u00f1a, regidora de Hacienda; Rub\u00e9n Cruz, s\u00edndico Hacendario; Humberto Peralta, Regidor de Salud; y Margarita Ortega, s\u00edndica Procuradora; el edil Juan Carlos Garc\u00eda M\u00e1rquez dio arranque a estos servicios p\u00fablicos que se estar\u00e1n ofreciendo gracias a las Unidades M\u00f3viles.<\/p>\n\n\n\n<p>Al respecto, Jes\u00fas Mart\u00ednez Mendoza reconoci\u00f3 el trabajo del presidente municipal Juan Carlos Garc\u00eda M\u00e1rquez, para acercar a la poblaci\u00f3n de Santa Luc\u00eda del Camino los servicios que se ofrecen de manera gratuita a trav\u00e9s de las Unidades M\u00f3viles; \u201cle est\u00e1 apostando a la salud y a la seguridad\u201d, por lo que el Gobierno del Estado respondi\u00f3 a las gestiones promovidas por el edil, en beneficio del bienestar ciudadano.<\/p>\n\n\n\n<p>Por su parte, el presidente municipal Juan Carlos Garc\u00eda M\u00e1rquez, agradeci\u00f3 a las Unidades M\u00f3viles por unirse a los trabajos que se realizan en el ayuntamiento de Santa Luc\u00eda del Camino para acercar oportunidades que favorecen al desarrollo y seguridad de las familias del municipio, todo ello pensado como parte de un compromiso y una responsabilidad social.<\/p>\n\n\n\n<p>\u201cQueremos que esta actividad sea recurrente, vamos a seguir trabajando con las Unidades M\u00f3viles para que contin\u00faen ayud\u00e1ndonos, para que por lo menos una vez al mes estemos trayendo estos servicios para el bienestar de las y los ciudadanos de Santa Luc\u00eda del Camino\u201d, concluy\u00f3 Juan Carlos Garc\u00eda M\u00e1rquez.<\/p>\n","protected":false},"excerpt":{"rendered":"<p>Redacci\u00f3n\/Zona Roja. Oaxaca de Ju\u00e1rez, Oax., a 18 de agosto de 2022.- El ayuntamiento de&hellip;<\/p>\n","protected":false},"author":2,"featured_media":44795,"comment_status":"closed","ping_status":"open","sticky":false,"template":"","format":"standard","meta":{"_lmt_disableupdate":"","_lmt_disable":"","_jetpack_memberships_contains_paid_content":false,"footnotes":""},"categories":[109,46],"tags":[337],"class_list":["post-44794","post","type-post","status-publish","format-standard","has-post-thumbnail","hentry","category-minuto-a-minuto","category-zona-blanca","tag-santa-lucia-del-camino"],"jetpack_featured_media_url":"https:\/\/zonaroja.com.mx\/wp-content\/uploads\/2022\/08\/Santa-Lucia-del-Camino-Juan-Carlos-Garcia.jpg","jetpack_sharing_enabled":true,"_links":{"self":[{"href":"https:\/\/zonaroja.com.mx\/index.php?rest_route=\/wp\/v2\/posts\/44794","targetHints":{"allow":["GET"]}}],"collection":[{"href":"https:\/\/zonaroja.com.mx\/index.php?rest_route=\/wp\/v2\/posts"}],"about":[{"href":"https:\/\/zonaroja.com.mx\/index.php?rest_route=\/wp\/v2\/types\/post"}],"author":[{"embeddable":true,"href":"https:\/\/zonaroja.com.mx\/index.php?rest_route=\/wp\/v2\/users\/2"}],"replies":[{"embeddable":true,"href":"https:\/\/zonaroja.com.mx\/index.php?rest_route=%2Fwp%2Fv2%2Fcomments&post=44794"}],"version-history":[{"count":1,"href":"https:\/\/zonaroja.com.mx\/index.php?rest_route=\/wp\/v2\/posts\/44794\/revisions"}],"predecessor-version":[{"id":44796,"href":"https:\/\/zonaroja.com.mx\/index.php?rest_route=\/wp\/v2\/posts\/44794\/revisions\/44796"}],"wp:featuredmedia":[{"embeddable":true,"href":"https:\/\/zonaroja.com.mx\/index.php?rest_route=\/wp\/v2\/media\/44795"}],"wp:attachment":[{"href":"https:\/\/zonaroja.com.mx\/index.php?rest_route=%2Fwp%2Fv2%2Fmedia&parent=44794"}],"wp:term":[{"taxonomy":"category","embeddable":true,"href":"https:\/\/zonaroja.com.mx\/index.php?rest_route=%2Fwp%2Fv2%2Fcategories&post=44794"},{"taxonomy":"post_tag","embeddable":true,"href":"https:\/\/zonaroja.com.mx\/index.php?rest_route=%2Fwp%2Fv2%2Ftags&post=44794"}],"curies":[{"name":"wp","href":"https:\/\/api.w.org\/{rel}","templated":true}]}}