{"id":44797,"date":"2022-08-19T09:53:00","date_gmt":"2022-08-19T14:53:00","guid":{"rendered":"http:\/\/www.zonaroja.com.mx\/?p=44797"},"modified":"2022-08-19T07:02:45","modified_gmt":"2022-08-19T12:02:45","slug":"de-oaxaca-para-europa-nylzher-y-ballet-folclorico-conquista-festivales-internacionales","status":"publish","type":"post","link":"https:\/\/zonaroja.com.mx\/?p=44797","title":{"rendered":"De Oaxaca para Europa: Nylzher y ballet folcl\u00f3rico conquista festivales internacionales"},"content":{"rendered":"\n<p>Yuridiana Sosa\/Zona Roja.<\/p>\n\n\n\n<p>Oaxaca de Ju\u00e1rez, Oax, a 19 de agosto de 2022.- La riqueza cultural de Oaxaca sigue conquistando al mundo, pero ahora desde los escenarios de Europa en la voz de la cantante Nylzher y el talento del Ballet Folcl\u00f3rico Tradicional del Estado de Oaxaca.<\/p>\n\n\n\n<p>La orgullosa oaxaque\u00f1a, embajadora de la Comisi\u00f3n Iberoamericana de Derechos Humanos para el Desarrollo de las Am\u00e9ricas y promotora cultural, lleg\u00f3 a Europa para formar parte de los festivales culturales m\u00e1s ic\u00f3nicos de Espa\u00f1a, Polonia y Rep\u00fablica Checa.<\/p>\n\n\n\n<p>\u201cEstamos donde quer\u00edamos, ma\u00f1ana a triunfar por Oaxaca y todo M\u00e9xico, en el&nbsp;Mezin\u00e1rodn\u00ed folklorn\u00ed festival \u010cerven\u00fd Kostelec&nbsp;(Festival Folcl\u00f3rico Cerveny Kostelec)\u201d -en Rep\u00fablica Checa, en Europa Central-, public\u00f3 la joven cantante de 19 a\u00f1os, quien desde hace unos cinco a\u00f1os ha dedicado su tiempo a la promoci\u00f3n cultural y musical de Oaxaca.<\/p>\n\n\n\n<p>Formar parte de esos festivales para representar a Oaxaca y a M\u00e9xico son para Nylzher un sue\u00f1o cumplido, del que desea seguir disfrutando.<\/p>\n\n\n\n<p>A su llegada a Madrid, Espa\u00f1a, para la Fiesta de la Paloma, escribi\u00f3: \u201cAl pisar este suelo se me vino a la mente todos y cada uno de esos momentos en que desfallecer no era opci\u00f3n si es que quer\u00eda perseguir mis sue\u00f1os&#8230;desvelo, cansancio, abstenci\u00f3n ha valido la pena. Gracias Dios\u201d.<\/p>\n\n\n\n<p>Incluso, se fue m\u00e1s all\u00e1 del tiempo para hacer remembranza a la relaci\u00f3n entre el \u201cviejo continente\u201d con M\u00e9xico. \u201cHace m\u00e1s de 500 a\u00f1os de la conquista espa\u00f1ola. Hoy vamos a conquistarlos con arte, cultura y tradici\u00f3n\u201d, asegur\u00f3.<\/p>\n\n\n\n<p>Nylzher se acompa\u00f1a del Ballet Folcl\u00f3rico Tradicional del Estado de Oaxaca, el cual tambi\u00e9n se empe\u00f1a en poner en alto la riqueza art\u00edstica de los pueblos oaxaque\u00f1os, por medio de la danza, indumentaria tradicional y m\u00fasica.<\/p>\n\n\n\n<p>Por su empe\u00f1o y representaciones, el grupo ha sido reconocido en pa\u00edses como China, Canad\u00e1 y los Estados Unidos.<\/p>\n\n\n\n<p>La cantante oaxaque\u00f1a tambi\u00e9n ha recorrido otros pa\u00edses de Am\u00e9rica Latina, sin olvidar actuaciones importantes en su misma entidad, como fue en las fiestas de Guelaguetza 2022, adem\u00e1s del Festival de la Sandunga en 2021 en Santo Domingo Tehuantepec, entre otros.&nbsp;<\/p>\n","protected":false},"excerpt":{"rendered":"<p>Yuridiana Sosa\/Zona Roja. Oaxaca de Ju\u00e1rez, Oax, a 19 de agosto de 2022.- La riqueza&hellip;<\/p>\n","protected":false},"author":2,"featured_media":44798,"comment_status":"closed","ping_status":"open","sticky":false,"template":"","format":"standard","meta":{"_lmt_disableupdate":"","_lmt_disable":"","_jetpack_memberships_contains_paid_content":false,"footnotes":""},"categories":[109,46],"tags":[3230],"class_list":["post-44797","post","type-post","status-publish","format-standard","has-post-thumbnail","hentry","category-minuto-a-minuto","category-zona-blanca","tag-nylzher-bailarina"],"jetpack_featured_media_url":"https:\/\/zonaroja.com.mx\/wp-content\/uploads\/2022\/08\/Nylzher-oaxaquena-bailarina.jpg","jetpack_sharing_enabled":true,"_links":{"self":[{"href":"https:\/\/zonaroja.com.mx\/index.php?rest_route=\/wp\/v2\/posts\/44797","targetHints":{"allow":["GET"]}}],"collection":[{"href":"https:\/\/zonaroja.com.mx\/index.php?rest_route=\/wp\/v2\/posts"}],"about":[{"href":"https:\/\/zonaroja.com.mx\/index.php?rest_route=\/wp\/v2\/types\/post"}],"author":[{"embeddable":true,"href":"https:\/\/zonaroja.com.mx\/index.php?rest_route=\/wp\/v2\/users\/2"}],"replies":[{"embeddable":true,"href":"https:\/\/zonaroja.com.mx\/index.php?rest_route=%2Fwp%2Fv2%2Fcomments&post=44797"}],"version-history":[{"count":1,"href":"https:\/\/zonaroja.com.mx\/index.php?rest_route=\/wp\/v2\/posts\/44797\/revisions"}],"predecessor-version":[{"id":44799,"href":"https:\/\/zonaroja.com.mx\/index.php?rest_route=\/wp\/v2\/posts\/44797\/revisions\/44799"}],"wp:featuredmedia":[{"embeddable":true,"href":"https:\/\/zonaroja.com.mx\/index.php?rest_route=\/wp\/v2\/media\/44798"}],"wp:attachment":[{"href":"https:\/\/zonaroja.com.mx\/index.php?rest_route=%2Fwp%2Fv2%2Fmedia&parent=44797"}],"wp:term":[{"taxonomy":"category","embeddable":true,"href":"https:\/\/zonaroja.com.mx\/index.php?rest_route=%2Fwp%2Fv2%2Fcategories&post=44797"},{"taxonomy":"post_tag","embeddable":true,"href":"https:\/\/zonaroja.com.mx\/index.php?rest_route=%2Fwp%2Fv2%2Ftags&post=44797"}],"curies":[{"name":"wp","href":"https:\/\/api.w.org\/{rel}","templated":true}]}}