{"id":44805,"date":"2022-08-19T07:45:39","date_gmt":"2022-08-19T12:45:39","guid":{"rendered":"http:\/\/www.zonaroja.com.mx\/?p=44805"},"modified":"2022-08-19T07:45:41","modified_gmt":"2022-08-19T12:45:41","slug":"ayotzinapa-fue-un-crimen-de-estado-pero-no-se-investiga-a-pena-nieto","status":"publish","type":"post","link":"https:\/\/zonaroja.com.mx\/?p=44805","title":{"rendered":"Ayotzinapa \u2018fue un crimen de Estado\u2019; pero no se investiga a Pe\u00f1a Nieto"},"content":{"rendered":"\n<p>Redacci\u00f3n\/Zona Roja Cdmx.<\/p>\n\n\n\n<p>Ciudad de M\u00e9xico, a 19 de agosto de 2022.- El de Ayotzinapa fue un multihomicidio en que tuvieron conocimiento y fueron omisas las autoridades de los tres niveles de gobierno. Pero no se investiga al entonces gobernador de Guerrero, \u00c1ngel Aguirre Rivero, ni al ex Presidente Enrique Pe\u00f1a Nieto.<\/p>\n\n\n\n<p>La desaparici\u00f3n de los 43 normalistas de Ayotzinapa la noche del 26 al 27 de septiembre de 2014 en Guerrero, fue un \u201ccrimen de Estado\u201d, concluy\u00f3 este jueves de forma preliminar la Comisi\u00f3n para la Verdad y Acceso a la Justicia del caso Ayotzinapa, que asegur\u00f3 que no hay indicios de que los estudiantes est\u00e9n con vida.<\/p>\n\n\n\n<p>As\u00ed lo dio a conocer Alejandro Encinas, subsecretario de Derechos Humanos, al revelar las conclusiones sobre la investigaci\u00f3n de la desaparici\u00f3n de los 43 estudiantes de la Normal Rural \u2018Isidro Burgos\u2019. Asegur\u00f3 que hubo colusi\u00f3n y participaci\u00f3n de las autoridades de distintos niveles de gobierno con la polic\u00eda y la organizaci\u00f3n criminal Guerreros Unidos en este caso.<\/p>\n\n\n\n<p>\u201cLa llamada verdad historia del gobierno de Pe\u00f1a Nieto es el resultado de una acci\u00f3n concertada del aparato organizado del poder. De haber intervenido se habr\u00eda evitado la represi\u00f3n y el asesinato de los estudiantes\u201d, explic\u00f3 Alejandro Encinas en conferencia durante la entrega de conclusiones del informe.<\/p>\n\n\n\n<p>LAS CONCLUSIONES<\/p>\n\n\n\n<p>1. La desaparici\u00f3n de los 43 estudiantes de la Normal Isidro Burgos de Ayotzinapa la noche del 26 al 27 de septiembre de 2014 constituy\u00f3 un crimen de Estado en el que concurrieron integrantes del grupo delictivo Guerreros Unidos y agentes de diversas instituciones del Estado mexicano.<\/p>\n\n\n\n<p>2. Autoridades federales y estatales del m\u00e1s alto nivel fueron omisas y negligentes, existiendo elementos de presunci\u00f3n respecto de alterar hechos y circunstancias para establecer una conclusi\u00f3n ajena a la verdad de los hechos.<\/p>\n\n\n\n<p>3. En todo momento, las autoridades federales, estatales y municipales tuvieron conocimiento de la movilizaci\u00f3n de los estudiantes desde su salida de la Escuela Normal Isidro Burgos hasta su desaparici\u00f3n, y sus acciones, omisiones y participaci\u00f3n permitieron la desaparici\u00f3n y ejecuci\u00f3n de los estudiantes, as\u00ed como el homicidio.<\/p>\n\n\n\n<p>4. En ning\u00fan momento la presencia de los estudiantes en Iguala obedeci\u00f3 a la intenci\u00f3n de boicotear el acto de la presencia municipal del DIF.<\/p>\n\n\n\n<p>5. El grupo delictivo actu\u00f3 con un amplio n\u00famero de sicarios y halcones, a partir de un mando central y al menos tres c\u00e9lulas de halcones y sicarios con el apoyo de distintas polic\u00edas municipales y agentes del Estado.<\/p>\n\n\n\n<p>6. En ning\u00fan momento existi\u00f3 comunicaci\u00f3n alguna entre los estudiantes y el grupo delictivo durante los hechos.<\/p>\n\n\n\n<p>7. Tras la salida de la Terminal de Salida de Iguala, en ning\u00fan momento los estudiantes estuvieron juntos durante su desaparici\u00f3n.<\/p>\n\n\n\n<p>8. Se confirma la intervenci\u00f3n de la polic\u00eda de Iguala en el aseguramiento de los estudiantes en el autob\u00fas 1531.<\/p>\n\n\n\n<p>9. Se confirma la presencia de polic\u00edas de Huitzuco en el Palacio de Justicia en Iguala y en Santa Teresa.<\/p>\n\n\n\n<p>10. Se confirma el traslado del autob\u00fas (Ecoter), sin pasaje, hacia el estado de Morelos, librando todos los retenes establecidos.<\/p>\n\n\n\n<p>11. Se confirma que los mandos militares de la regi\u00f3n no realizaron acciones para la protecci\u00f3n y b\u00fasqueda del soldado Julio C\u00e9sar L\u00f3pez Patolzin.<\/p>\n\n\n\n<p>12. Al filo de las 22:45 horas del 26 de septiembre de 2014, tras los hechos de violencia y persecuci\u00f3n, se dio la orden de desaparecer a los estudiantes.<\/p>\n\n\n\n<p>13. Se confirma la identificaci\u00f3n de tres de los 43 estudiantes desaparecidos.<\/p>\n\n\n\n<p>14. No hay indicio alguno de que los estudiantes se encuentren con vida. Por el contrario, todos los testimonios y evidencias acreditan que \u00e9stos fueron arteramente ultimados y desaparecidos.<\/p>\n\n\n\n<p>15. Es necesario continuar con la b\u00fasqueda en: la Ribera del R\u00edo Balsas y en la laguna del nuevo Balsas, en Atzcala, municipio de Eduardo Neri; en la Barranca de Tonalapa, municipio de Tepecoacuilco; en Brecha de Lobos y en el Paraje de Suriana en Iguala, y en las inmediaciones de Tepeguaje.<\/p>\n\n\n\n<p>16. Existen indicios suficientes para que la FGR inicie o contin\u00fae las indagatorias para el deslinde de responsabilidades.<\/p>\n\n\n\n<p>(Informaci\u00f3n de \u201cEl Financiero\u201d)<\/p>\n","protected":false},"excerpt":{"rendered":"<p>Redacci\u00f3n\/Zona Roja Cdmx. Ciudad de M\u00e9xico, a 19 de agosto de 2022.- El de Ayotzinapa&hellip;<\/p>\n","protected":false},"author":2,"featured_media":32471,"comment_status":"closed","ping_status":"open","sticky":false,"template":"","format":"standard","meta":{"_lmt_disableupdate":"","_lmt_disable":"","_jetpack_memberships_contains_paid_content":false,"footnotes":""},"categories":[109,47],"tags":[823],"class_list":["post-44805","post","type-post","status-publish","format-standard","has-post-thumbnail","hentry","category-minuto-a-minuto","category-zona-gris","tag-desaparecidos-ayotzinapa-guerrero"],"jetpack_featured_media_url":"https:\/\/zonaroja.com.mx\/wp-content\/uploads\/2021\/09\/Protesta-Ayotzinapa-Oaxaca.jpg","jetpack_sharing_enabled":true,"_links":{"self":[{"href":"https:\/\/zonaroja.com.mx\/index.php?rest_route=\/wp\/v2\/posts\/44805","targetHints":{"allow":["GET"]}}],"collection":[{"href":"https:\/\/zonaroja.com.mx\/index.php?rest_route=\/wp\/v2\/posts"}],"about":[{"href":"https:\/\/zonaroja.com.mx\/index.php?rest_route=\/wp\/v2\/types\/post"}],"author":[{"embeddable":true,"href":"https:\/\/zonaroja.com.mx\/index.php?rest_route=\/wp\/v2\/users\/2"}],"replies":[{"embeddable":true,"href":"https:\/\/zonaroja.com.mx\/index.php?rest_route=%2Fwp%2Fv2%2Fcomments&post=44805"}],"version-history":[{"count":1,"href":"https:\/\/zonaroja.com.mx\/index.php?rest_route=\/wp\/v2\/posts\/44805\/revisions"}],"predecessor-version":[{"id":44806,"href":"https:\/\/zonaroja.com.mx\/index.php?rest_route=\/wp\/v2\/posts\/44805\/revisions\/44806"}],"wp:featuredmedia":[{"embeddable":true,"href":"https:\/\/zonaroja.com.mx\/index.php?rest_route=\/wp\/v2\/media\/32471"}],"wp:attachment":[{"href":"https:\/\/zonaroja.com.mx\/index.php?rest_route=%2Fwp%2Fv2%2Fmedia&parent=44805"}],"wp:term":[{"taxonomy":"category","embeddable":true,"href":"https:\/\/zonaroja.com.mx\/index.php?rest_route=%2Fwp%2Fv2%2Fcategories&post=44805"},{"taxonomy":"post_tag","embeddable":true,"href":"https:\/\/zonaroja.com.mx\/index.php?rest_route=%2Fwp%2Fv2%2Ftags&post=44805"}],"curies":[{"name":"wp","href":"https:\/\/api.w.org\/{rel}","templated":true}]}}