{"id":4481,"date":"2019-10-02T09:01:23","date_gmt":"2019-10-02T14:01:23","guid":{"rendered":"http:\/\/www.zonaroja.com.mx\/?p=4481"},"modified":"2019-10-02T09:01:26","modified_gmt":"2019-10-02T14:01:26","slug":"estrenaran-pelicula-el-ombligo-de-guedani-con-actriz-oaxaquena","status":"publish","type":"post","link":"https:\/\/zonaroja.com.mx\/?p=4481","title":{"rendered":"Estrenar\u00e1n pel\u00edcula \u201cEl ombligo de Gue\u00b4dani\u201d, con actriz oaxaque\u00f1a"},"content":{"rendered":"\n<p>Redacci\u00f3n\/Zona\nRoja.<\/p>\n\n\n\n<p>Oaxaca de\nJu\u00e1rez, Oax. 2 de octubre de 2019.- Este 4 de octubre se estrenar\u00e1 a nivel\nnacional la pel\u00edcula \u201cEl ombligo de Gue\u00b4dani\u201d, en que act\u00faa como protagonista la\nadolescente S\u00f3tera Soledad Cruz Rodr\u00edguez, alumna de primer semestre del\nColegio de Bachilleres del Estado de Oaxaca (Cobao) plantel 02 El Espinal.<\/p>\n\n\n\n<p>Con tan solo\n15 a\u00f1os de edad, S\u00f3tera ha participado en dos filmes; a los 11 a\u00f1os debut\u00f3 en\nel largometraje \u201cGuie\u2019Xhuba\u201d, el cual se film\u00f3 en su natal Juchit\u00e1n.<\/p>\n\n\n\n<p>Un a\u00f1o despu\u00e9s\nobtuvo el papel estelar de \u201cEl ombligo de Gue\u00b4dani\u201d, que cuenta la historia de\nuna ni\u00f1a ind\u00edgena zapoteca que emigra a la capital del pa\u00eds para trabajar con\nuna familia privilegiada, sin embargo, el choque cultural es un gran problema\npara la protagonista.<\/p>\n\n\n\n<p>Inquieta,\nsonriente y muy orgullosa, cuenta que adem\u00e1s de la actuaci\u00f3n le apasiona\nescribir poes\u00eda y cantar rap. \u201cDesde muy peque\u00f1a me gust\u00f3 el mundo del arte, me\ngustaba participar en todos los concursos que se realizaban en mi comunidad, me\nencanta la poes\u00eda, pues es mi pasatiempo favorito\u201d, mencion\u00f3 la joven actriz.<\/p>\n\n\n\n<p>\u201cSer\nestudiante del plantel 02 El Espinal me ha aportado las herramientas necesarias\npara adquirir m\u00e1s conocimientos en el \u00e1rea acad\u00e9mica, es muy importante\ncontinuar estudiando porque nunca dejas de aprender, es un orgullo ser\noaxaque\u00f1a y formar parte de la familia Cobao\u201d, asegur\u00f3.<\/p>\n\n\n\n<p>El pr\u00f3ximo 4\nde octubre se podr\u00e1 disfrutar de la cinta en las principales salas de cine del\npa\u00eds, por lo que S\u00f3tera Soledad hace una atenta invitaci\u00f3n a todas y todos los\noaxaque\u00f1os para que acudan a ver la pel\u00edcula y as\u00ed apoyen al cine que se\nproduce en el pa\u00eds.<\/p>\n\n\n\n<p>\u201cEl ombligo\nde Gue\u00b4dani\u201d es una pel\u00edcula del director, productor y guionista Xavi Sala, el\nelenco est\u00e1 conformado por S\u00f3tera Cruz, \u00c9rika L\u00f3pez, Majo Alfaroh, Yuriria del\nValle y Juan R\u00edos.<\/p>\n","protected":false},"excerpt":{"rendered":"<p>Redacci\u00f3n\/Zona Roja. Oaxaca de Ju\u00e1rez, Oax. 2 de octubre de 2019.- Este 4 de octubre&hellip;<\/p>\n","protected":false},"author":2,"featured_media":4482,"comment_status":"closed","ping_status":"open","sticky":false,"template":"","format":"standard","meta":{"_lmt_disableupdate":"","_lmt_disable":"","_jetpack_memberships_contains_paid_content":false,"footnotes":""},"categories":[109,46],"tags":[800,801],"class_list":["post-4481","post","type-post","status-publish","format-standard","has-post-thumbnail","hentry","category-minuto-a-minuto","category-zona-blanca","tag-colegio-de-bachilleres-de-oaxaca","tag-sotera-soledad-cruz-rodriguez"],"jetpack_featured_media_url":"https:\/\/zonaroja.com.mx\/wp-content\/uploads\/2019\/10\/cobao.jpeg","jetpack_sharing_enabled":true,"_links":{"self":[{"href":"https:\/\/zonaroja.com.mx\/index.php?rest_route=\/wp\/v2\/posts\/4481","targetHints":{"allow":["GET"]}}],"collection":[{"href":"https:\/\/zonaroja.com.mx\/index.php?rest_route=\/wp\/v2\/posts"}],"about":[{"href":"https:\/\/zonaroja.com.mx\/index.php?rest_route=\/wp\/v2\/types\/post"}],"author":[{"embeddable":true,"href":"https:\/\/zonaroja.com.mx\/index.php?rest_route=\/wp\/v2\/users\/2"}],"replies":[{"embeddable":true,"href":"https:\/\/zonaroja.com.mx\/index.php?rest_route=%2Fwp%2Fv2%2Fcomments&post=4481"}],"version-history":[{"count":1,"href":"https:\/\/zonaroja.com.mx\/index.php?rest_route=\/wp\/v2\/posts\/4481\/revisions"}],"predecessor-version":[{"id":4483,"href":"https:\/\/zonaroja.com.mx\/index.php?rest_route=\/wp\/v2\/posts\/4481\/revisions\/4483"}],"wp:featuredmedia":[{"embeddable":true,"href":"https:\/\/zonaroja.com.mx\/index.php?rest_route=\/wp\/v2\/media\/4482"}],"wp:attachment":[{"href":"https:\/\/zonaroja.com.mx\/index.php?rest_route=%2Fwp%2Fv2%2Fmedia&parent=4481"}],"wp:term":[{"taxonomy":"category","embeddable":true,"href":"https:\/\/zonaroja.com.mx\/index.php?rest_route=%2Fwp%2Fv2%2Fcategories&post=4481"},{"taxonomy":"post_tag","embeddable":true,"href":"https:\/\/zonaroja.com.mx\/index.php?rest_route=%2Fwp%2Fv2%2Ftags&post=4481"}],"curies":[{"name":"wp","href":"https:\/\/api.w.org\/{rel}","templated":true}]}}