{"id":44811,"date":"2022-08-19T13:56:25","date_gmt":"2022-08-19T18:56:25","guid":{"rendered":"https:\/\/www.zonaroja.com.mx\/?p=44811"},"modified":"2022-08-19T13:58:40","modified_gmt":"2022-08-19T18:58:40","slug":"detienen-a-otro-probable-responsable-de-la-desaparicion-de-zayra-leticia-en-huajuapan","status":"publish","type":"post","link":"https:\/\/zonaroja.com.mx\/?p=44811","title":{"rendered":"Detienen a otro probable responsable de la desaparici\u00f3n de Zayra Leticia en Huajuapan"},"content":{"rendered":"\n<p>Redacci\u00f3n\/Zona Roja.&nbsp;<\/p>\n\n\n\n<p>Oaxaca de Ju\u00e1rez, Oax., 19 de agosto de 2022.-&nbsp;La Fiscal\u00eda General del Estado de Oaxaca (FGEO) aprehendi\u00f3 a una persona del sexo masculino identificada por las iniciales Jos\u00e9 Ignacio Z. Z., probable responsable del delito de desaparici\u00f3n cometida por particulares en agravio de la joven Zayra Leticia Morales Loyola, hechos ocurridos en Huajuapan de Le\u00f3n, en la regi\u00f3n de la Mixteca.&nbsp;<\/p>\n\n\n\n<p>En un comunicado, detall\u00f3 que ayer 18 de agosto de 2022, elementos de la Agencia Estatal de Investigaciones (AEI) adscritos a la Vicefiscal\u00eda Regional de la Mixteca, detuvieron al individuo cuando circulaba a bordo de una motocicleta sobre la carretera que conduce a Mariscala de Ju\u00e1rez, en inmediaciones del entronque a Rancho Solano.<\/p>\n\n\n\n<p>De acuerdo con la Carpeta de Investigaci\u00f3n 32963\/FMIX\/HUAJUAPAN\/2020, el 23 de octubre de 2020, la v\u00edctima fue vista por \u00faltima vez al salir de su domicilio, ubicado en la agencia de Santa Mar\u00eda Xochixtlapilco, Huajuapan de Le\u00f3n, sin que hasta la fecha se conozca su paradero.<\/p>\n\n\n\n<p>Detall\u00f3 que desde que tuvo conocimiento del caso, la Vicefiscal\u00eda General de Atenci\u00f3n a V\u00edctimas y a la Sociedad de la FGEO ha realizado los actos de investigaci\u00f3n correspondientes que permitieran dar con el paradero de Zayra Leticia, con lo que se han robustecido las investigaciones para fincar responsabilidades contra los probables responsables.&nbsp;<\/p>\n\n\n\n<p>Adem\u00e1s, se ha dado acompa\u00f1amiento jur\u00eddico puntual a las v\u00edctimas indirectas quienes han estado al tanto del avance en el proceso.<\/p>\n\n\n\n<p>&nbsp;En tanto, el imputado J. I. Z. Z., ya fue puesto a disposici\u00f3n del Juez de Control quien comunic\u00f3 la imputaci\u00f3n inicial, ante lo cual, la defensa se acogi\u00f3 al t\u00e9rmino constitucional que fenece&nbsp;el 23 de agosto, fecha en que se definir\u00e1 su situaci\u00f3n jur\u00eddica.&nbsp;<\/p>\n\n\n\n<p> La Instituci\u00f3n refrend\u00f3 su compromiso de llevar ante la justicia y aplicar todo el peso de la Ley a quienes resulten responsables de atentar contra la integridad de las mujeres oaxaque\u00f1as. <\/p>\n","protected":false},"excerpt":{"rendered":"<p>Redacci\u00f3n\/Zona Roja.&nbsp; Oaxaca de Ju\u00e1rez, Oax., 19 de agosto de 2022.-&nbsp;La Fiscal\u00eda General del Estado&hellip;<\/p>\n","protected":false},"author":2,"featured_media":44810,"comment_status":"closed","ping_status":"open","sticky":false,"template":"","format":"standard","meta":{"_lmt_disableupdate":"","_lmt_disable":"","_jetpack_memberships_contains_paid_content":false,"footnotes":""},"categories":[109,46],"tags":[],"class_list":["post-44811","post","type-post","status-publish","format-standard","has-post-thumbnail","hentry","category-minuto-a-minuto","category-zona-blanca"],"jetpack_featured_media_url":"https:\/\/zonaroja.com.mx\/wp-content\/uploads\/2022\/08\/img_3597.jpg","jetpack_sharing_enabled":true,"_links":{"self":[{"href":"https:\/\/zonaroja.com.mx\/index.php?rest_route=\/wp\/v2\/posts\/44811","targetHints":{"allow":["GET"]}}],"collection":[{"href":"https:\/\/zonaroja.com.mx\/index.php?rest_route=\/wp\/v2\/posts"}],"about":[{"href":"https:\/\/zonaroja.com.mx\/index.php?rest_route=\/wp\/v2\/types\/post"}],"author":[{"embeddable":true,"href":"https:\/\/zonaroja.com.mx\/index.php?rest_route=\/wp\/v2\/users\/2"}],"replies":[{"embeddable":true,"href":"https:\/\/zonaroja.com.mx\/index.php?rest_route=%2Fwp%2Fv2%2Fcomments&post=44811"}],"version-history":[{"count":1,"href":"https:\/\/zonaroja.com.mx\/index.php?rest_route=\/wp\/v2\/posts\/44811\/revisions"}],"predecessor-version":[{"id":44812,"href":"https:\/\/zonaroja.com.mx\/index.php?rest_route=\/wp\/v2\/posts\/44811\/revisions\/44812"}],"wp:featuredmedia":[{"embeddable":true,"href":"https:\/\/zonaroja.com.mx\/index.php?rest_route=\/wp\/v2\/media\/44810"}],"wp:attachment":[{"href":"https:\/\/zonaroja.com.mx\/index.php?rest_route=%2Fwp%2Fv2%2Fmedia&parent=44811"}],"wp:term":[{"taxonomy":"category","embeddable":true,"href":"https:\/\/zonaroja.com.mx\/index.php?rest_route=%2Fwp%2Fv2%2Fcategories&post=44811"},{"taxonomy":"post_tag","embeddable":true,"href":"https:\/\/zonaroja.com.mx\/index.php?rest_route=%2Fwp%2Fv2%2Ftags&post=44811"}],"curies":[{"name":"wp","href":"https:\/\/api.w.org\/{rel}","templated":true}]}}