{"id":44814,"date":"2022-08-19T14:37:14","date_gmt":"2022-08-19T19:37:14","guid":{"rendered":"https:\/\/www.zonaroja.com.mx\/?p=44814"},"modified":"2022-08-19T14:37:15","modified_gmt":"2022-08-19T19:37:15","slug":"matan-con-hacha-a-una-adulta-mayor-en-oaxaca-ya-son-677-asesinadas-en-sexenio","status":"publish","type":"post","link":"https:\/\/zonaroja.com.mx\/?p=44814","title":{"rendered":"Matan con hacha a una adulta mayor en Oaxaca; ya son 677 asesinadas en sexenio"},"content":{"rendered":"\n<p>Yuridiana Sosa\/Zona Roja.<\/p>\n\n\n\n<p>Oaxaca de Ju\u00e1rez, Oax., 19 de agosto de 2022.- Dentro de su hogar, una mujer de 70 a\u00f1os de edad fue asesinada presuntamente por su hijo la madrugada de&nbsp;este viernes&nbsp;en Santa Mar\u00eda Mixtequilla, la regi\u00f3n del Istmo de Tehuantepec.<\/p>\n\n\n\n<p>Con este hecho suman siete feminicidios en lo que va del mes de agosto y un total de 677 feminicidios en Oaxaca en la actual administraci\u00f3n estatal, de acuerdo a datos de la asociaci\u00f3n Consorcio Oaxaca.&nbsp;<\/p>\n\n\n\n<p>La mujer, identificada como Susana Luis M., fue agredida con un hacha, misma que se localiz\u00f3 en el lugar del crimen, donde tambi\u00e9n elementos de seguridad encontraron al var\u00f3n que presuntamente atac\u00f3 a la anciana.&nbsp;<\/p>\n\n\n\n<p>De acuerdo con el reporte policial, el hecho se registr\u00f3 alrededor&nbsp;de las 03:00&nbsp;horas de&nbsp;este viernes&nbsp;en un domicilio de la agencia Nizzapipi, mejor conocido como el Kil\u00f3metro 10.&nbsp;<\/p>\n\n\n\n<p>El presunto feminicida se encontraba bajo los influjos de alg\u00fan estupefaciente, as\u00ed como contaba con heridas del arma blanca utilizada para el crimen, por lo que fue trasladado para su atenci\u00f3n m\u00e9dica.&nbsp;<\/p>\n\n\n\n<p>En este mismo municipio del Istmo el pasado 12 de agosto otra mujer fue asesinada con el uso de un arma de fuego.&nbsp;<\/p>\n\n\n\n<p>Tras este feminicidio, Oaxaca volvi\u00f3 a registrar otro el pasado 16 de agosto en San Andr\u00e9s Huaxpaltepec, cuando una mujer que circulaba en un camino de terracer\u00eda fue interceptada por sujetos que viajaban en una motocicleta.<\/p>\n","protected":false},"excerpt":{"rendered":"<p>Yuridiana Sosa\/Zona Roja. Oaxaca de Ju\u00e1rez, Oax., 19 de agosto de 2022.- Dentro de su&hellip;<\/p>\n","protected":false},"author":2,"featured_media":44813,"comment_status":"closed","ping_status":"open","sticky":false,"template":"","format":"standard","meta":{"_lmt_disableupdate":"","_lmt_disable":"","_jetpack_memberships_contains_paid_content":false,"footnotes":""},"categories":[109,51],"tags":[],"class_list":["post-44814","post","type-post","status-publish","format-standard","has-post-thumbnail","hentry","category-minuto-a-minuto","category-zona-roja"],"jetpack_featured_media_url":"https:\/\/zonaroja.com.mx\/wp-content\/uploads\/2022\/08\/img_3609.jpg","jetpack_sharing_enabled":true,"_links":{"self":[{"href":"https:\/\/zonaroja.com.mx\/index.php?rest_route=\/wp\/v2\/posts\/44814","targetHints":{"allow":["GET"]}}],"collection":[{"href":"https:\/\/zonaroja.com.mx\/index.php?rest_route=\/wp\/v2\/posts"}],"about":[{"href":"https:\/\/zonaroja.com.mx\/index.php?rest_route=\/wp\/v2\/types\/post"}],"author":[{"embeddable":true,"href":"https:\/\/zonaroja.com.mx\/index.php?rest_route=\/wp\/v2\/users\/2"}],"replies":[{"embeddable":true,"href":"https:\/\/zonaroja.com.mx\/index.php?rest_route=%2Fwp%2Fv2%2Fcomments&post=44814"}],"version-history":[{"count":1,"href":"https:\/\/zonaroja.com.mx\/index.php?rest_route=\/wp\/v2\/posts\/44814\/revisions"}],"predecessor-version":[{"id":44815,"href":"https:\/\/zonaroja.com.mx\/index.php?rest_route=\/wp\/v2\/posts\/44814\/revisions\/44815"}],"wp:featuredmedia":[{"embeddable":true,"href":"https:\/\/zonaroja.com.mx\/index.php?rest_route=\/wp\/v2\/media\/44813"}],"wp:attachment":[{"href":"https:\/\/zonaroja.com.mx\/index.php?rest_route=%2Fwp%2Fv2%2Fmedia&parent=44814"}],"wp:term":[{"taxonomy":"category","embeddable":true,"href":"https:\/\/zonaroja.com.mx\/index.php?rest_route=%2Fwp%2Fv2%2Fcategories&post=44814"},{"taxonomy":"post_tag","embeddable":true,"href":"https:\/\/zonaroja.com.mx\/index.php?rest_route=%2Fwp%2Fv2%2Ftags&post=44814"}],"curies":[{"name":"wp","href":"https:\/\/api.w.org\/{rel}","templated":true}]}}