{"id":44816,"date":"2022-08-19T16:23:06","date_gmt":"2022-08-19T21:23:06","guid":{"rendered":"http:\/\/www.zonaroja.com.mx\/?p=44816"},"modified":"2022-08-19T16:34:00","modified_gmt":"2022-08-19T21:34:00","slug":"asesinan-a-una-nina-y-a-su-padre-en-pinotepa-nacional-oaxaca","status":"publish","type":"post","link":"https:\/\/zonaroja.com.mx\/?p=44816","title":{"rendered":"Asesinan a una ni\u00f1a y a su padre en Pinotepa Nacional, Oaxaca"},"content":{"rendered":"\n<p>Ismael Garc\u00eda M.\/Zona Roja.<\/p>\n\n\n\n<p>Oaxaca de Ju\u00e1rez, Oax., a 19 de agosto de 2022.- En menos de 12 horas, asesinan a otra mujer en el estado de Oaxaca.<\/p>\n\n\n\n<p>Ahora fue en Santiago Pinotepa Nacional, donde en un ataque armado dieron muerte a una personal del sexo masculino y lesionaron a una mujer y a una peque\u00f1a de tres a\u00f1os de edad, esta \u00faltima perdi\u00f3 la vida en un hospital.<\/p>\n\n\n\n<p>La agresi\u00f3n ocurri\u00f3 minutos despu\u00e9s de las 13:00 horas en la calle 16 Sur y Heroico Colegio Militar de la colonia Benito Ju\u00e1rez de dicho municipio de la regi\u00f3n Costa.<\/p>\n\n\n\n<p>En el sitio muri\u00f3 Jorge V. L., alias \u201cMata\u201d, de 26 a\u00f1os de edad, y quedaron lesionadas por disparos de arma de fuego de grueso calibre Ada Lizbeth V. S., de 24 a\u00f1os, y L\u00eda Airona V. S., de tres a\u00f1os; esta \u00faltima falleci\u00f3 posteriormente.<\/p>\n\n\n\n<p>La familia viajaba a bordo de una motocicleta cuando fueron ejecutados. Hasta el momento no hay personas detenidas en este caso.<\/p>\n\n\n\n<p>Por otra parte la Fiscal\u00eda General del Estado inici\u00f3 la Carpeta de Investigaci\u00f3n 28741\/FIST\/FMUJ-TEHUANTEPEC\/2022, por el delito feminicidio agravado, suscitado este viernes 19 de agosto, en jurisdicci\u00f3n de Santa Mar\u00eda Mixtequilla, en la regi\u00f3n del Istmo, donde result\u00f3 tambi\u00e9n lesionado un var\u00f3n, el probable asesino. <\/p>\n\n\n\n<p>En otro hecho, en un arroyo de Santa Cruz Xoxocotl\u00e1n fue hallado el cuerpo sin vida de una persona del sexo masculino, cuya identidad se desconoce, as\u00ed como la forma en que muri\u00f3; en redes sociales circularon su fotograf\u00eda para buscar que sea identificado.<\/p>\n\n\n\n<p>Mientras que ayer a un costado de la carretera federal 131 Oaxaca-Puerto Escondido, en jurisdicci\u00f3n de San Andr\u00e9s Zabache, distrito de Ejutla, fue hallado el cuerpo de un masculino envuelto en una cobija. Estaba maniatado, ten\u00eda huellas de tortura y disparos de arma de fuego en diversas partes; a\u00fan no ha sido identificado.<\/p>\n","protected":false},"excerpt":{"rendered":"<p>Ismael Garc\u00eda M.\/Zona Roja. Oaxaca de Ju\u00e1rez, Oax., a 19 de agosto de 2022.- En&hellip;<\/p>\n","protected":false},"author":2,"featured_media":44817,"comment_status":"closed","ping_status":"open","sticky":false,"template":"","format":"standard","meta":{"_lmt_disableupdate":"","_lmt_disable":"","_jetpack_memberships_contains_paid_content":false,"footnotes":""},"categories":[109,51],"tags":[916],"class_list":["post-44816","post","type-post","status-publish","format-standard","has-post-thumbnail","hentry","category-minuto-a-minuto","category-zona-roja","tag-pinotepa-nacional"],"jetpack_featured_media_url":"https:\/\/zonaroja.com.mx\/wp-content\/uploads\/2022\/08\/Asesinado-padre-e-hija-Pinotepa-Nacional.jpeg","jetpack_sharing_enabled":true,"_links":{"self":[{"href":"https:\/\/zonaroja.com.mx\/index.php?rest_route=\/wp\/v2\/posts\/44816","targetHints":{"allow":["GET"]}}],"collection":[{"href":"https:\/\/zonaroja.com.mx\/index.php?rest_route=\/wp\/v2\/posts"}],"about":[{"href":"https:\/\/zonaroja.com.mx\/index.php?rest_route=\/wp\/v2\/types\/post"}],"author":[{"embeddable":true,"href":"https:\/\/zonaroja.com.mx\/index.php?rest_route=\/wp\/v2\/users\/2"}],"replies":[{"embeddable":true,"href":"https:\/\/zonaroja.com.mx\/index.php?rest_route=%2Fwp%2Fv2%2Fcomments&post=44816"}],"version-history":[{"count":2,"href":"https:\/\/zonaroja.com.mx\/index.php?rest_route=\/wp\/v2\/posts\/44816\/revisions"}],"predecessor-version":[{"id":44819,"href":"https:\/\/zonaroja.com.mx\/index.php?rest_route=\/wp\/v2\/posts\/44816\/revisions\/44819"}],"wp:featuredmedia":[{"embeddable":true,"href":"https:\/\/zonaroja.com.mx\/index.php?rest_route=\/wp\/v2\/media\/44817"}],"wp:attachment":[{"href":"https:\/\/zonaroja.com.mx\/index.php?rest_route=%2Fwp%2Fv2%2Fmedia&parent=44816"}],"wp:term":[{"taxonomy":"category","embeddable":true,"href":"https:\/\/zonaroja.com.mx\/index.php?rest_route=%2Fwp%2Fv2%2Fcategories&post=44816"},{"taxonomy":"post_tag","embeddable":true,"href":"https:\/\/zonaroja.com.mx\/index.php?rest_route=%2Fwp%2Fv2%2Ftags&post=44816"}],"curies":[{"name":"wp","href":"https:\/\/api.w.org\/{rel}","templated":true}]}}