{"id":44821,"date":"2022-08-19T18:04:44","date_gmt":"2022-08-19T23:04:44","guid":{"rendered":"https:\/\/www.zonaroja.com.mx\/?p=44821"},"modified":"2022-08-19T18:06:32","modified_gmt":"2022-08-19T23:06:32","slug":"cierra-semana-con-bloqueos-en-oaxaca-uno-nuevo-en-la-mixteca","status":"publish","type":"post","link":"https:\/\/zonaroja.com.mx\/?p=44821","title":{"rendered":"Cierra semana con bloqueos en Oaxaca; uno nuevo en la Mixteca"},"content":{"rendered":"\n<p>Yuridiana Sosa\/Zona Roja.<\/p>\n\n\n\n<p>Oaxaca de Ju\u00e1rez, Oax., 19 de agosto de 2022.- Importantes v\u00edas de comunicaci\u00f3n en Oaxaca, en la regi\u00f3n del Istmo y la Mixteca, se mantuvieron cerradas durante de este viernes, ante la cerraz\u00f3n de la Secretar\u00eda General de Gobierno (Segego) de encontrar una soluci\u00f3n a la demanda de la poblaci\u00f3n. <\/p>\n\n\n\n<p>Por tercer d\u00eda consecutivo los damnificados del sismo de septiembre de 2017 en la regi\u00f3n del Istmo mantienen un bloqueo en el punto conocido como \u201cEl Caracol\u201d, sobre la carretera Panamericana 190 en el tramo Jalapa del Marqu\u00e9s-Tehuantepec.<\/p>\n\n\n\n<p>La advertencia de un bloqueo indefinido desde el pasado fin de semana por parte de los habitantes afectados no movi\u00f3 la voluntad del gobierno del estado para evitar estos da\u00f1os a la poblaci\u00f3n en general.<\/p>\n\n\n\n<p>Los damnificados, que forman parte del segundo censo, exigen la entrega de los recursos prometidos para la reconstrucci\u00f3n y mejora de sus inmuebles afectados hace casi cinco a\u00f1os.<\/p>\n\n\n\n<p>Desde la culminaci\u00f3n del censo,  hasta este a\u00f1o, el gobierno de Oaxaca s\u00f3lo prolonga la soluci\u00f3n a la demanda, sin precisar fechas de entrega.<\/p>\n\n\n\n<p>En otro punto de la regi\u00f3n del Istmo, autoridades auxiliares de Mat\u00edas Romero de Avenda\u00f1o mantienen latente la reactivaci\u00f3n de un bloqueo en la carrera que conecta a la regi\u00f3n de la Cuenca con el Istmo y al estado de Veracruz.&nbsp;<\/p>\n\n\n\n<p>La manifestaci\u00f3n es contra la presidenta municipal, del partido Morena, Obdulia Garc\u00eda L\u00f3pez, por la presunta malversaci\u00f3n de recursos p\u00fablicos, pues ha negado inversi\u00f3n para obras a las distintas comunidades y colonias.<\/p>\n\n\n\n<p>El bloqueo que inici\u00f3 a primera hora del jueves tuvo un receso ante la reuni\u00f3n de la autoridad municipal con los manifestantes, pero se rompi\u00f3 al no llegar a acuerdos debido a que la edil no quiere ceder recursos, denunciaron.&nbsp;<\/p>\n\n\n\n<p>Como protesta, por algunas horas \u201ctomaron\u201d de forma pac\u00edfica el Palacio Municipal y el basurero municipal.<\/p>\n\n\n\n<p>Ante el problema que enfrenta la edil de la \u201ccuarta transformaci\u00f3n\u201d, presuntamente intervendr\u00e1 una comisi\u00f3n del parte del gobernador electo Salom\u00f3n Jara, por lo que el bloqueo que la reactivaci\u00f3n del bloqueo qued\u00f3 suspendida, hasta nuevo aviso.<\/p>\n\n\n\n<p>En tanto, en la regi\u00f3n de la Mixteca, el gobierno de Oaxaca sigue ignorando las demandas de las comunidades para la construcci\u00f3n y mejora de la infraestructura educativa.<\/p>\n\n\n\n<p>Habitantes de Zapotitl\u00e1n Palmas bloquean la carretera Huajuapan-Puebla, sobre la carretera federal 190, lo que caus\u00f3 problemas importantes a la circulaci\u00f3n, con paso intermitente cada dos horas.&nbsp;<\/p>\n\n\n\n<p>Los pobladores exigen al gobierno estatal la terminaci\u00f3n de obras de reconstrucci\u00f3n de la Telesecundaria y una escuela primaria de la comunidad. <\/p>\n","protected":false},"excerpt":{"rendered":"<p>Yuridiana Sosa\/Zona Roja. Oaxaca de Ju\u00e1rez, Oax., 19 de agosto de 2022.- Importantes v\u00edas de&hellip;<\/p>\n","protected":false},"author":2,"featured_media":44820,"comment_status":"closed","ping_status":"open","sticky":false,"template":"","format":"standard","meta":{"_lmt_disableupdate":"","_lmt_disable":"","_jetpack_memberships_contains_paid_content":false,"footnotes":""},"categories":[109,47],"tags":[],"class_list":["post-44821","post","type-post","status-publish","format-standard","has-post-thumbnail","hentry","category-minuto-a-minuto","category-zona-gris"],"jetpack_featured_media_url":"https:\/\/zonaroja.com.mx\/wp-content\/uploads\/2022\/08\/img_3507.jpg","jetpack_sharing_enabled":true,"_links":{"self":[{"href":"https:\/\/zonaroja.com.mx\/index.php?rest_route=\/wp\/v2\/posts\/44821","targetHints":{"allow":["GET"]}}],"collection":[{"href":"https:\/\/zonaroja.com.mx\/index.php?rest_route=\/wp\/v2\/posts"}],"about":[{"href":"https:\/\/zonaroja.com.mx\/index.php?rest_route=\/wp\/v2\/types\/post"}],"author":[{"embeddable":true,"href":"https:\/\/zonaroja.com.mx\/index.php?rest_route=\/wp\/v2\/users\/2"}],"replies":[{"embeddable":true,"href":"https:\/\/zonaroja.com.mx\/index.php?rest_route=%2Fwp%2Fv2%2Fcomments&post=44821"}],"version-history":[{"count":1,"href":"https:\/\/zonaroja.com.mx\/index.php?rest_route=\/wp\/v2\/posts\/44821\/revisions"}],"predecessor-version":[{"id":44822,"href":"https:\/\/zonaroja.com.mx\/index.php?rest_route=\/wp\/v2\/posts\/44821\/revisions\/44822"}],"wp:featuredmedia":[{"embeddable":true,"href":"https:\/\/zonaroja.com.mx\/index.php?rest_route=\/wp\/v2\/media\/44820"}],"wp:attachment":[{"href":"https:\/\/zonaroja.com.mx\/index.php?rest_route=%2Fwp%2Fv2%2Fmedia&parent=44821"}],"wp:term":[{"taxonomy":"category","embeddable":true,"href":"https:\/\/zonaroja.com.mx\/index.php?rest_route=%2Fwp%2Fv2%2Fcategories&post=44821"},{"taxonomy":"post_tag","embeddable":true,"href":"https:\/\/zonaroja.com.mx\/index.php?rest_route=%2Fwp%2Fv2%2Ftags&post=44821"}],"curies":[{"name":"wp","href":"https:\/\/api.w.org\/{rel}","templated":true}]}}