{"id":44826,"date":"2022-08-20T07:30:00","date_gmt":"2022-08-20T12:30:00","guid":{"rendered":"http:\/\/www.zonaroja.com.mx\/?p=44826"},"modified":"2022-08-19T21:29:27","modified_gmt":"2022-08-20T02:29:27","slug":"comparte-pj-edomex-con-oaxaca-buenas-practicas-sobre-sistema-de-justicia-laboral","status":"publish","type":"post","link":"https:\/\/zonaroja.com.mx\/?p=44826","title":{"rendered":"Comparte PJ Edomex con Oaxaca buenas pr\u00e1cticas sobre Sistema de Justicia Laboral"},"content":{"rendered":"\n<p>Redacci\u00f3n\/Zona Roja.<\/p>\n\n\n\n<p>Oaxaca de Ju\u00e1rez, Oax., a 20 de agosto de 2022.-&nbsp;A invitaci\u00f3n del Poder Judicial de Oaxaca en&nbsp;coordinaci\u00f3n con la Barra Mexicana, Colegio de Abogados, A.C.,&nbsp;el presidente del Poder Judicial del Estado de M\u00e9xico (PJ Edomex), magistradoRicardo Alfredo Sodi Cu\u00e9llar, junto con la presidenta de esa agrupaci\u00f3n, Claudia de Buen Unna,&nbsp;imparti\u00f3 la conferencia magistral&nbsp;\u00abEl nuevo sistema de Justicia Laboral&nbsp;Mexicano\u201d,&nbsp;al ser esa entidad&nbsp;una&nbsp;de las pioneras en su implementaci\u00f3n,&nbsp;con procesos innovadores y eficientes.&nbsp;<\/p>\n\n\n\n<p>En su mensaje de bienvenida&nbsp;a los ponentes, el presidente del Tribunal Superior de Justicia y del Consejo de la Judicatura del Estado, magistrado Eduardo Pinacho S\u00e1nchez, resalt\u00f3 que en el pa\u00eds, desde hace una d\u00e9cadas, el Derecho se ha transformado de manera profunda en sus bases y esencia, por lo cual las instituciones tienen que asumir nuevos modelos y formas de pensamiento y actuaci\u00f3n.&nbsp;<\/p>\n\n\n\n<p>En este sentido, habl\u00f3 de la importancia de conocer las experiencias&nbsp;y buenas pr\u00e1cticas&nbsp;como la del Poder Judicial del&nbsp;Estado de M\u00e9xico, lo que permitir\u00e1 fortalecer la labor&nbsp;en esta materia&nbsp;de&nbsp;la&nbsp;instituci\u00f3n encargada de impartir justicia en Oaxaca.&nbsp;<\/p>\n\n\n\n<p>Durante la conferencia&nbsp;magistral, el magistrado Sodi Cu\u00e9llar puntualiz\u00f3 que como parte de las acciones que se han implementado&nbsp;en materia de justicia laboral,&nbsp;bajo procesos de simplificaci\u00f3n administrativa,&nbsp;innovaci\u00f3n&nbsp;y&nbsp;un sistema de gesti\u00f3n en el manejo de la calidad, los tribunales laborales del Poder Judicial del Estado de M\u00e9xico&nbsp;cuentan con&nbsp;la certificaci\u00f3n en la Norma Internacional ISO-9001:2015. Asismismo,&nbsp;dio a conocer el pr\u00f3ximo inicio de dos&nbsp;tribunales laborales itinerantes.<\/p>\n\n\n\n<p>Por su parte, la presidenta de la Barra Mexicana, Colegio de Abogados, A.C., se refiri\u00f3 a las condiciones de las mujeres trabajadoras&nbsp;y&nbsp;la brecha de g\u00e9nero que a\u00fan existe con las normas jur\u00eddicas de igualdad sustantiva.&nbsp;<\/p>\n\n\n\n<p>La conferencia magistral se encuentra disponible para su consulta en el&nbsp;enlace.&nbsp;https:\/\/www.facebook<\/p>\n","protected":false},"excerpt":{"rendered":"<p>Redacci\u00f3n\/Zona Roja. Oaxaca de Ju\u00e1rez, Oax., a 20 de agosto de 2022.-&nbsp;A invitaci\u00f3n del Poder&hellip;<\/p>\n","protected":false},"author":2,"featured_media":44827,"comment_status":"closed","ping_status":"open","sticky":false,"template":"","format":"standard","meta":{"_lmt_disableupdate":"","_lmt_disable":"","_jetpack_memberships_contains_paid_content":false,"footnotes":""},"categories":[109,46],"tags":[],"class_list":["post-44826","post","type-post","status-publish","format-standard","has-post-thumbnail","hentry","category-minuto-a-minuto","category-zona-blanca"],"jetpack_featured_media_url":"https:\/\/zonaroja.com.mx\/wp-content\/uploads\/2022\/08\/Conferencia-magistral-en-la-sede-del-Poder-Judicial-de-Oaxaca.jpg","jetpack_sharing_enabled":true,"_links":{"self":[{"href":"https:\/\/zonaroja.com.mx\/index.php?rest_route=\/wp\/v2\/posts\/44826","targetHints":{"allow":["GET"]}}],"collection":[{"href":"https:\/\/zonaroja.com.mx\/index.php?rest_route=\/wp\/v2\/posts"}],"about":[{"href":"https:\/\/zonaroja.com.mx\/index.php?rest_route=\/wp\/v2\/types\/post"}],"author":[{"embeddable":true,"href":"https:\/\/zonaroja.com.mx\/index.php?rest_route=\/wp\/v2\/users\/2"}],"replies":[{"embeddable":true,"href":"https:\/\/zonaroja.com.mx\/index.php?rest_route=%2Fwp%2Fv2%2Fcomments&post=44826"}],"version-history":[{"count":1,"href":"https:\/\/zonaroja.com.mx\/index.php?rest_route=\/wp\/v2\/posts\/44826\/revisions"}],"predecessor-version":[{"id":44828,"href":"https:\/\/zonaroja.com.mx\/index.php?rest_route=\/wp\/v2\/posts\/44826\/revisions\/44828"}],"wp:featuredmedia":[{"embeddable":true,"href":"https:\/\/zonaroja.com.mx\/index.php?rest_route=\/wp\/v2\/media\/44827"}],"wp:attachment":[{"href":"https:\/\/zonaroja.com.mx\/index.php?rest_route=%2Fwp%2Fv2%2Fmedia&parent=44826"}],"wp:term":[{"taxonomy":"category","embeddable":true,"href":"https:\/\/zonaroja.com.mx\/index.php?rest_route=%2Fwp%2Fv2%2Fcategories&post=44826"},{"taxonomy":"post_tag","embeddable":true,"href":"https:\/\/zonaroja.com.mx\/index.php?rest_route=%2Fwp%2Fv2%2Ftags&post=44826"}],"curies":[{"name":"wp","href":"https:\/\/api.w.org\/{rel}","templated":true}]}}