{"id":44835,"date":"2022-08-19T22:17:56","date_gmt":"2022-08-20T03:17:56","guid":{"rendered":"http:\/\/www.zonaroja.com.mx\/?p=44835"},"modified":"2022-08-19T22:17:58","modified_gmt":"2022-08-20T03:17:58","slug":"aprehende-fgr-a-murillo-karam-sale-libre-rosario-robles","status":"publish","type":"post","link":"https:\/\/zonaroja.com.mx\/?p=44835","title":{"rendered":"Aprehende FGR a Murillo Karam; sale libre Rosario Robles"},"content":{"rendered":"\n<p>Redacci\u00f3n\/Zona Roja Cdmx.<\/p>\n\n\n\n<p>Ciudad de M\u00e9xico, 19 de agosto de 2022.- Jes\u00fas Murillo Karam, quien fuera titular de la Procuradur\u00eda General de la Rep\u00fablica en el sexenio de Enrique Pe\u00f1a Nieto, fue aprehendido este viernes, acusado de desaparici\u00f3n forzada y tortura.<\/p>\n\n\n\n<p>Fue aprehendido por elementos de la Secretar\u00eda de Marina y de la Fiscal\u00eda General de la Rep\u00fablica al salir de su domicilio, en la colonia Lomas de Chapultepec,, tras lo cual ser\u00e1 trasladado al Reclusorio Norte.<\/p>\n\n\n\n<p>De acuerdo con las investigaciones, Murillo Karam ser\u00eda uno de 33 exfuncionarios p\u00fablicos implicados en la alteraci\u00f3n de hechos y circunstancias para llegar a la \u2018Verdad Hist\u00f3rica\u2019, la cual ocasion\u00f3 violaciones graves a los derechos humanos en materia de desaparici\u00f3n forzada.<\/p>\n\n\n\n<p>Derivado de los actos de tortura cometidos durante la investigaci\u00f3n durante la administraci\u00f3n de Enrique Pe\u00f1a Nito, 77 de las personas que hab\u00edan sido detenidas fueron liberadas por diversos jueces al acreditar que fueron sometidos actos de tortura.<\/p>\n\n\n\n<p>La detenci\u00f3n de Murillo Karam se da un d\u00eda despu\u00e9s de que el gobierno federal present\u00f3 las conclusiones preliminares de la investigaci\u00f3n hecha sobre el paradero de los estudiantes de Iguala.<\/p>\n\n\n\n<p>Y SALE LIBRE<\/p>\n\n\n\n<p>Pocas horas despu\u00e9s, Rosario Robles, ex titular de la Secretar\u00eda de Desarrollo Social (Sedesol), quien fue funcionaria con Pe\u00f1a Nieto, qued\u00f3 en libertad este viernes tras pasara tres a\u00f1os en prisi\u00f3n, acusada por el caso de la \u2018Estafa Maestra\u2019.<\/p>\n\n\n\n<p>\u201cSe le ha impuesto una presentaci\u00f3n peri\u00f3dica ante la Fiscal\u00eda para justificar su disposici\u00f3n al proceso y la prohibici\u00f3n para salir del pa\u00eds. En consecuencia, se ha ordenado su libertad\u201d, confirm\u00f3 su abogado Epigmenio Mendieta en entrevista con \u201cMilenio\u201d.<\/p>\n\n\n\n<p>El litigante subray\u00f3 que esta decisi\u00f3n no significa que su clienta haya sido exonerada de las acusaciones hechas por la Fiscal\u00eda General de la Rep\u00fablica.<\/p>\n\n\n\n<p>La Fiscal\u00eda General de la Rep\u00fablica (FGR) inform\u00f3 despu\u00e9s que la defensa de Robles present\u00f3 esta semana una solicitud de cambio de medidas cautelares para poder seguir su juicio en libertad.<\/p>\n\n\n\n<p>(Con informaci\u00f3n de \u201cEl Financiero\u201d)<\/p>\n","protected":false},"excerpt":{"rendered":"<p>Redacci\u00f3n\/Zona Roja Cdmx. Ciudad de M\u00e9xico, 19 de agosto de 2022.- Jes\u00fas Murillo Karam, quien&hellip;<\/p>\n","protected":false},"author":2,"featured_media":44836,"comment_status":"closed","ping_status":"open","sticky":false,"template":"","format":"standard","meta":{"_lmt_disableupdate":"","_lmt_disable":"","_jetpack_memberships_contains_paid_content":false,"footnotes":""},"categories":[109,47],"tags":[],"class_list":["post-44835","post","type-post","status-publish","format-standard","has-post-thumbnail","hentry","category-minuto-a-minuto","category-zona-gris"],"jetpack_featured_media_url":"https:\/\/zonaroja.com.mx\/wp-content\/uploads\/2022\/08\/Jesus-Murillo-Karam-y-Rosario-Robles.jpg","jetpack_sharing_enabled":true,"_links":{"self":[{"href":"https:\/\/zonaroja.com.mx\/index.php?rest_route=\/wp\/v2\/posts\/44835","targetHints":{"allow":["GET"]}}],"collection":[{"href":"https:\/\/zonaroja.com.mx\/index.php?rest_route=\/wp\/v2\/posts"}],"about":[{"href":"https:\/\/zonaroja.com.mx\/index.php?rest_route=\/wp\/v2\/types\/post"}],"author":[{"embeddable":true,"href":"https:\/\/zonaroja.com.mx\/index.php?rest_route=\/wp\/v2\/users\/2"}],"replies":[{"embeddable":true,"href":"https:\/\/zonaroja.com.mx\/index.php?rest_route=%2Fwp%2Fv2%2Fcomments&post=44835"}],"version-history":[{"count":1,"href":"https:\/\/zonaroja.com.mx\/index.php?rest_route=\/wp\/v2\/posts\/44835\/revisions"}],"predecessor-version":[{"id":44837,"href":"https:\/\/zonaroja.com.mx\/index.php?rest_route=\/wp\/v2\/posts\/44835\/revisions\/44837"}],"wp:featuredmedia":[{"embeddable":true,"href":"https:\/\/zonaroja.com.mx\/index.php?rest_route=\/wp\/v2\/media\/44836"}],"wp:attachment":[{"href":"https:\/\/zonaroja.com.mx\/index.php?rest_route=%2Fwp%2Fv2%2Fmedia&parent=44835"}],"wp:term":[{"taxonomy":"category","embeddable":true,"href":"https:\/\/zonaroja.com.mx\/index.php?rest_route=%2Fwp%2Fv2%2Fcategories&post=44835"},{"taxonomy":"post_tag","embeddable":true,"href":"https:\/\/zonaroja.com.mx\/index.php?rest_route=%2Fwp%2Fv2%2Ftags&post=44835"}],"curies":[{"name":"wp","href":"https:\/\/api.w.org\/{rel}","templated":true}]}}