{"id":4484,"date":"2019-10-02T09:08:59","date_gmt":"2019-10-02T14:08:59","guid":{"rendered":"http:\/\/www.zonaroja.com.mx\/?p=4484"},"modified":"2019-10-02T09:10:28","modified_gmt":"2019-10-02T14:10:28","slug":"presentan-queja-contra-legisladores-de-morena-por-endeudamiento-en-oaxaca","status":"publish","type":"post","link":"https:\/\/zonaroja.com.mx\/?p=4484","title":{"rendered":"Presentan queja contra legisladores de Morena por endeudamiento en Oaxaca"},"content":{"rendered":"\n<p>Redacci\u00f3n\/Zona\nRoja.<\/p>\n\n\n\n<p>Oaxaca de\nJu\u00e1rez, Oax., 2 de octubre de 2019.- El diputado local Alejandro L\u00f3pez Bravo y\nRey Morales S\u00e1nchez en su calidad de afiliados al partido Movimiento de\nRegeneraci\u00f3n Nacional (Morena), presentaron una queja ante la Comisi\u00f3n Nacional\nde Honestidad y Justicia en contra de las y los legisladores que aprueben el\nreciente endeudamiento solicitado por el gobierno de Oaxaca.<\/p>\n\n\n\n<p>\u201cLa presente\nqueja se interpone en contra de los diputados locales de la Sexag\u00e9sima Cuarta\nLegislatura del H. Congreso del Estado de Oaxaca, pertenecientes al grupo\nparlamentario de Morena que voten a favor del endeudamiento injustificado que\npromueve el Ejecutivo para el estado de Oaxaca\u201d, refiere el documento con fecha\n27 de septiembre.<\/p>\n\n\n\n<p>El mismo\nextiende la queja a cualquier personaje pol\u00edtico del partido que influya o\npersuada verbal o f\u00edsicamente a aprobar la iniciativa en menci\u00f3n, lo anterior\ncon base en la normatividad de los estatutos de Morena que refieren en sus\nart\u00edculos 54 y 55.<\/p>\n\n\n\n<p>De igual\nforma, piden a la Comisi\u00f3n de Honestidad y Justicia del partido acuerden el\npresente oficio de urgente resoluci\u00f3n por su contenido dado que la imputaci\u00f3n\nse\u00f1alada tiene fecha de ejecuci\u00f3n el d\u00eda 30 de septiembre y es de imposible\nreparaci\u00f3n.<\/p>\n\n\n\n<p>Mientras que\nal interior del Congreso local se opt\u00f3 el lunes por revisar el proyecto emanado\ndel Ejecutivo Estatal, toda vez que de acuerdo con el presidente de la Mesa\nDirectiva, C\u00e9sar Morales Ni\u00f1o, tienen gran cantidad de obras p\u00fablica que no son\ntan claras, por lo que se espera sea discutida en sesi\u00f3n extraordinaria al\nconcluir el segundo periodo ordinario, del primer a\u00f1o legislativo.<\/p>\n\n\n\n<p>De acuerdo con la Secretar\u00eda de Finanzas, la petici\u00f3n es que se apruebe una deuda a largo plazo de tres mil 500 millones de pesos, adem\u00e1s del refinanciamiento total de la deuda p\u00fablica, que equivale a m\u00e1s de 17 mil millones de pesos.<\/p>\n\n\n\n<p>Cabe se\u00f1alar\nque el diputado local Alejandro L\u00f3pez Bravo, uno de los promotores de la queja,\nha sido acusado recientemente de no hacerse cargo de los gastos de un accidente\nautomovil\u00edstico que presuntamente caus\u00f3 el pasado 25 de julio, y donde muri\u00f3\nEmilio Garc\u00eda Monje, mientras que su hijo menor de edad result\u00f3 con lesiones\nirreparables.<\/p>\n","protected":false},"excerpt":{"rendered":"<p>Redacci\u00f3n\/Zona Roja. Oaxaca de Ju\u00e1rez, Oax., 2 de octubre de 2019.- El diputado local Alejandro&hellip;<\/p>\n","protected":false},"author":2,"featured_media":3840,"comment_status":"closed","ping_status":"open","sticky":false,"template":"","format":"standard","meta":{"_lmt_disableupdate":"","_lmt_disable":"","_jetpack_memberships_contains_paid_content":false,"footnotes":""},"categories":[109,47],"tags":[213],"class_list":["post-4484","post","type-post","status-publish","format-standard","has-post-thumbnail","hentry","category-minuto-a-minuto","category-zona-gris","tag-64-legislatura-de-oaxaca"],"jetpack_featured_media_url":"https:\/\/zonaroja.com.mx\/wp-content\/uploads\/2019\/09\/IMG_6446.jpg","jetpack_sharing_enabled":true,"_links":{"self":[{"href":"https:\/\/zonaroja.com.mx\/index.php?rest_route=\/wp\/v2\/posts\/4484","targetHints":{"allow":["GET"]}}],"collection":[{"href":"https:\/\/zonaroja.com.mx\/index.php?rest_route=\/wp\/v2\/posts"}],"about":[{"href":"https:\/\/zonaroja.com.mx\/index.php?rest_route=\/wp\/v2\/types\/post"}],"author":[{"embeddable":true,"href":"https:\/\/zonaroja.com.mx\/index.php?rest_route=\/wp\/v2\/users\/2"}],"replies":[{"embeddable":true,"href":"https:\/\/zonaroja.com.mx\/index.php?rest_route=%2Fwp%2Fv2%2Fcomments&post=4484"}],"version-history":[{"count":2,"href":"https:\/\/zonaroja.com.mx\/index.php?rest_route=\/wp\/v2\/posts\/4484\/revisions"}],"predecessor-version":[{"id":4486,"href":"https:\/\/zonaroja.com.mx\/index.php?rest_route=\/wp\/v2\/posts\/4484\/revisions\/4486"}],"wp:featuredmedia":[{"embeddable":true,"href":"https:\/\/zonaroja.com.mx\/index.php?rest_route=\/wp\/v2\/media\/3840"}],"wp:attachment":[{"href":"https:\/\/zonaroja.com.mx\/index.php?rest_route=%2Fwp%2Fv2%2Fmedia&parent=4484"}],"wp:term":[{"taxonomy":"category","embeddable":true,"href":"https:\/\/zonaroja.com.mx\/index.php?rest_route=%2Fwp%2Fv2%2Fcategories&post=4484"},{"taxonomy":"post_tag","embeddable":true,"href":"https:\/\/zonaroja.com.mx\/index.php?rest_route=%2Fwp%2Fv2%2Ftags&post=4484"}],"curies":[{"name":"wp","href":"https:\/\/api.w.org\/{rel}","templated":true}]}}